{"id":146929,"date":"2025-04-16T09:12:54","date_gmt":"2025-04-16T12:12:54","guid":{"rendered":"https:\/\/vinasfm.com\/noticias\/?p=146929"},"modified":"2025-04-17T09:34:53","modified_gmt":"2025-04-17T12:34:53","slug":"hoy-nos-toca-a-nosotros-manana-le-puede-tocar-a-otra-familia-el-doloroso-pedido-de-justicia-de-la-familia-de-francisco-cruz","status":"publish","type":"post","link":"https:\/\/vinasfm.com\/noticias\/hoy-nos-toca-a-nosotros-manana-le-puede-tocar-a-otra-familia-el-doloroso-pedido-de-justicia-de-la-familia-de-francisco-cruz\/","title":{"rendered":"\u201cHOY NOS TOCA A NOSOTROS, MA\u00d1ANA LE PUEDE TOCAR A OTRA FAMILIA\u201d: EL DOLOROSO PEDIDO DE JUSTICIA DE LA FAMILIA DE FRANCISCO CRUZ"},"content":{"rendered":"<h4><span style=\"color: #000000;\">En una entrevista realizada por TVA General Alvear, la familia de Cruz pidi\u00f3 justicia y que las autoridades tomen las acciones necesarias para evitar que sigan ocurriendo tragedias viales.<\/span><\/h4>\n<p><span style=\"color: #000000;\"><em><strong>\u201cYo quiero justicia para mi hijo\u201d<\/strong><\/em>, comenz\u00f3 expresando con dolor la madre de Francisco Cruz, el joven de 26 a\u00f1os que perdi\u00f3 tr\u00e1gicamente la vida tras ser embestido por un autom\u00f3vil en la madrugada del domingo.<\/span><\/p>\n<p><span style=\"color: #000000;\"><em><strong>\u201cCuando llegu\u00e9 al lugar Francisco ya hab\u00eda muerto\u201d<\/strong><\/em>, record\u00f3 y detall\u00f3 que fue su vecina qui\u00e9n, con desesperaci\u00f3n, la llam\u00f3 para alertarla de la situaci\u00f3n. Francisco es recordado como un joven responsable, amable y que <em><strong>\u201cno le hac\u00eda da\u00f1o a nadie\u201d<\/strong><\/em>. <em><strong>\u201cSali\u00f3 a bailar con sus amigos porque hac\u00eda mucho no estaban todos juntos, \u00e9l no era de salir mucho\u201d<\/strong><\/em>, se\u00f1al\u00f3 su madre.<\/span><\/p>\n<p><span style=\"color: #000000;\"><strong><em>\u201cLlegamos al lugar y todos estaban estado de shock\u201d<\/em><\/strong>, manifest\u00f3 su padre. En tanto, una de sus hermanas, record\u00f3 que lleg\u00f3 junto a su madre y vieron al joven de 26 a\u00f1os tendido en el pavimento; minutos despu\u00e9s lleg\u00f3 la ambulancia y traslad\u00f3 en primer lugar a Y\u00e9sica Gat\u00edca, la joven 18 a\u00f1os que se encontraba con el grupo y hoy se encuentra internada en estado delicado en el Hospital Teodoro J. Schestakow.<\/span><\/p>\n<p><span style=\"color: #000000;\"><em><strong>\u201cCuando los polic\u00edas intentaban sacar al otro chico del auto <\/strong><\/em>(Francisco Mart\u00ednez)<em><strong> yo me par\u00e9 para ver qui\u00e9n era\u201d<\/strong><\/em>, manifest\u00f3 la hermana de Cruz. En ese momento la joven tomo su tel\u00e9fono celular y grab\u00f3 al joven de 23 a\u00f1os que estaba notablemente alcoholizado en el interior del veh\u00edculo con el que embisti\u00f3 al grupo de j\u00f3venes. Las imagines se viralizaron y causaron conmoci\u00f3n en la comunidad alvearense.<\/span><\/p>\n<div style=\"width: 464px;\" class=\"wp-video\"><video class=\"wp-video-shortcode\" id=\"video-146929-1\" width=\"464\" height=\"568\" preload=\"metadata\" controls=\"controls\"><source type=\"video\/mp4\" src=\"https:\/\/vinasfm.com\/noticias\/wp-content\/uploads\/2025\/04\/w5ogeRkJPmO2D7Jz.mp4?_=1\" \/><a href=\"https:\/\/vinasfm.com\/noticias\/wp-content\/uploads\/2025\/04\/w5ogeRkJPmO2D7Jz.mp4\">https:\/\/vinasfm.com\/noticias\/wp-content\/uploads\/2025\/04\/w5ogeRkJPmO2D7Jz.mp4<\/a><\/video><\/div>\n<p><span style=\"color: #000000;\">En un mes, dos j\u00f3venes perdieron la vida tras ser embestidos por conductores alcoholizados, lo que aumente la preocupaci\u00f3n e indignaci\u00f3n en General Alvear. <em><strong>\u201cHoy nos toca a nosotros pasar por esta lamentable situaci\u00f3n, hace algunos d\u00edas le toc\u00f3 a la familia de Fernando Aset, ma\u00f1ana puede ser cualquier otro\u201d<\/strong><\/em>, fue el pedido de justicia de otra de las hermanas de Cruz.<\/span><\/p>\n<p><span style=\"color: #000000;\"><em><strong>\u201cDejan hermanos, amigos y una familia completa sin consuelo. Lamentablemente tenemos que hacer una marcha, cargando un inmenso dolor, para pedir justicia\u201d<\/strong><\/em>, expres\u00f3 de forma contundente. Finalmente, uno de sus hermanos, se dirigi\u00f3 a las autoridades y pidi\u00f3 que <em><strong>\u201cse haga justicia, porque si les toca a ellos van a mover cielo y tierra para que el responsable pague por lo que hizo\u201d.<\/strong><\/em><\/span><\/p>\n<h2><span style=\"color: #000000;\"><em><strong>DOS FAMILIAS U<\/strong><\/em>NIDAS POR EL DOLOR<\/span><\/h2>\n<p><span style=\"color: #000000;\">En la tarde del martes, un numeroso conjunto de personas se moviliz\u00f3 por la avenida principal, desde el Kil\u00f3metro Cero hasta la Comisar\u00eda 14, pidiendo justicia por Francisco Cruz y Fernando Aset. Ambos j\u00f3venes perdieron la vida en tr\u00e1gicos siniestros viales y, coincidentemente, ambos eran parte del Club Ferro Carril Oeste.<\/span><\/p>\n<p><a href=\"https:\/\/vinasfm.com\/noticias\/wp-content\/uploads\/2025\/04\/FB_IMG_1744805204828.jpg\"><img loading=\"lazy\" decoding=\"async\" class=\"alignnone wp-image-146931 size-full\" src=\"https:\/\/vinasfm.com\/noticias\/wp-content\/uploads\/2025\/04\/FB_IMG_1744805204828.jpg\" alt=\"\" width=\"427\" height=\"381\" srcset=\"https:\/\/vinasfm.com\/noticias\/wp-content\/uploads\/2025\/04\/FB_IMG_1744805204828.jpg 427w, https:\/\/vinasfm.com\/noticias\/wp-content\/uploads\/2025\/04\/FB_IMG_1744805204828-300x268.jpg 300w\" sizes=\"auto, (max-width: 427px) 100vw, 427px\" \/><\/a><\/p>\n<p><span style=\"color: #000000;\">Dos madres que no se conoc\u00edan hasta que la tragedia las golpe\u00f3 de la peor manera. La imagen del doloroso abrazo de las madres de Fernando y Francisco, tras el pedido de justicia.<\/span><\/p>\n","protected":false},"excerpt":{"rendered":"<p>En una entrevista realizada por TVA General Alvear, la familia de Cruz pidi\u00f3 justicia y que las autoridades tomen las acciones &#8230;<\/p>\n","protected":false},"author":7,"featured_media":146932,"comment_status":"open","ping_status":"open","sticky":false,"template":"","format":"standard","meta":{"footnotes":""},"categories":[22,11],"tags":[],"class_list":["post-146929","post","type-post","status-publish","format-standard","has-post-thumbnail","hentry","category-justicia","category-sociales"],"_links":{"self":[{"href":"https:\/\/vinasfm.com\/noticias\/wp-json\/wp\/v2\/posts\/146929","targetHints":{"allow":["GET"]}}],"collection":[{"href":"https:\/\/vinasfm.com\/noticias\/wp-json\/wp\/v2\/posts"}],"about":[{"href":"https:\/\/vinasfm.com\/noticias\/wp-json\/wp\/v2\/types\/post"}],"author":[{"embeddable":true,"href":"https:\/\/vinasfm.com\/noticias\/wp-json\/wp\/v2\/users\/7"}],"replies":[{"embeddable":true,"href":"https:\/\/vinasfm.com\/noticias\/wp-json\/wp\/v2\/comments?post=146929"}],"version-history":[{"count":2,"href":"https:\/\/vinasfm.com\/noticias\/wp-json\/wp\/v2\/posts\/146929\/revisions"}],"predecessor-version":[{"id":146934,"href":"https:\/\/vinasfm.com\/noticias\/wp-json\/wp\/v2\/posts\/146929\/revisions\/146934"}],"wp:featuredmedia":[{"embeddable":true,"href":"https:\/\/vinasfm.com\/noticias\/wp-json\/wp\/v2\/media\/146932"}],"wp:attachment":[{"href":"https:\/\/vinasfm.com\/noticias\/wp-json\/wp\/v2\/media?parent=146929"}],"wp:term":[{"taxonomy":"category","embeddable":true,"href":"https:\/\/vinasfm.com\/noticias\/wp-json\/wp\/v2\/categories?post=146929"},{"taxonomy":"post_tag","embeddable":true,"href":"https:\/\/vinasfm.com\/noticias\/wp-json\/wp\/v2\/tags?post=146929"}],"curies":[{"name":"wp","href":"https:\/\/api.w.org\/{rel}","templated":true}]}}