{"id":146920,"date":"2025-04-15T23:05:10","date_gmt":"2025-04-16T02:05:10","guid":{"rendered":"https:\/\/vinasfm.com\/noticias\/?p=146920"},"modified":"2025-04-17T09:35:25","modified_gmt":"2025-04-17T12:35:25","slug":"se-viene-la-fiesta-aniversario-de-la-federacion-gaucha-de-general-alvear","status":"publish","type":"post","link":"https:\/\/vinasfm.com\/noticias\/se-viene-la-fiesta-aniversario-de-la-federacion-gaucha-de-general-alvear\/","title":{"rendered":"ESTE DOMINGO SER\u00c1 LA FIESTA ANIVERSARIO DE LA FEDERACI\u00d3N GAUCHA DE GENERAL ALVEAR"},"content":{"rendered":"<p><strong>Este domingo 20 de abril, la Federaci\u00f3n Gaucha de General Alvear celebrar\u00e1 su aniversario con un evento imperdible en su predio ubicado en calle 8 y M de la Marzolina. La fiesta promete ser una jornada llena de tradici\u00f3n, diversi\u00f3n y emoci\u00f3n, con actividades para toda la familia.<\/strong><\/p>\n<p>En dialogo con<strong><span style=\"color: #800080;\"> FM VI\u00d1AS<\/span><\/strong>, Walter Lucero, miembro de la federaci\u00f3n detall\u00f3 las actividades que se realizar\u00e1n ese d\u00eda: <em><strong>&#8216;a partir de las 9 de la ma\u00f1ana, se realizar\u00e1n las Destrezas Criollas, una competencia que re\u00fane a m\u00e1s de 50 jinetes de la regi\u00f3n. Esta es la tercera fecha clasificatoria al cuarto torneo de Destrezas Criollas, y la Federaci\u00f3n Gaucha ser\u00e1 el escenario perfecto para que los participantes demuestren sus habilidades.&#8217;<\/strong><\/em><\/p>\n<p><em><strong>&#8216;Luego a las 13:30 horas se dar\u00e1 inicio al gran baile campero con el grupo Estirpe Criollo. La m\u00fasica y el baile ser\u00e1n el complemento perfecto para esta jornada jornada que ya promete ser inolvidable.&#8217;<\/strong><\/em><\/p>\n<p><a href=\"https:\/\/vinasfm.com\/noticias\/wp-content\/uploads\/2025\/04\/IMG-20250416-WA0001.jpg\"><img loading=\"lazy\" decoding=\"async\" class=\"wp-image-146926 aligncenter\" src=\"https:\/\/vinasfm.com\/noticias\/wp-content\/uploads\/2025\/04\/IMG-20250416-WA0001-212x300.jpg\" alt=\"\" width=\"278\" height=\"393\" srcset=\"https:\/\/vinasfm.com\/noticias\/wp-content\/uploads\/2025\/04\/IMG-20250416-WA0001-212x300.jpg 212w, https:\/\/vinasfm.com\/noticias\/wp-content\/uploads\/2025\/04\/IMG-20250416-WA0001.jpg 720w\" sizes=\"auto, (max-width: 278px) 100vw, 278px\" \/><\/a><\/p>\n<p>Adem\u00e1s se mostro emocionado por otra actividad muy especial que tendr\u00e1 como protagonistas a dos figuras destacadas del \u00e1mbito: <em><strong>&#8216;lo que realmente har\u00e1 que esta fiesta sea especial es el desaf\u00edo entre Mart\u00edn Campos, campe\u00f3n de velocidad de la CAP del motociclismo, y Manuel Gonz\u00e1lez, representante de la Federaci\u00f3n Gaucha de General Alvear donde ambos competir\u00e1n en un emocionante duelo de destrezas criollas que dejar\u00e1 a todos con la boca abierta.&#8217;<\/strong><\/em><\/p>\n<p>Adem\u00e1s de las actividades mencionadas, la fiesta tambi\u00e9n contar\u00e1 con la presencia de las reinas departamentales, patios de comida, cantina y mucho m\u00e1s.<\/p>\n<p>&nbsp;<\/p>\n","protected":false},"excerpt":{"rendered":"<p>Este domingo 20 de abril, la Federaci\u00f3n Gaucha de General Alvear celebrar\u00e1 su aniversario con un evento imperdible en su predio &#8230;<\/p>\n","protected":false},"author":7,"featured_media":146926,"comment_status":"open","ping_status":"open","sticky":false,"template":"","format":"standard","meta":{"footnotes":""},"categories":[5,10],"tags":[],"class_list":["post-146920","post","type-post","status-publish","format-standard","has-post-thumbnail","hentry","category-actualidad","category-destacadas"],"_links":{"self":[{"href":"https:\/\/vinasfm.com\/noticias\/wp-json\/wp\/v2\/posts\/146920","targetHints":{"allow":["GET"]}}],"collection":[{"href":"https:\/\/vinasfm.com\/noticias\/wp-json\/wp\/v2\/posts"}],"about":[{"href":"https:\/\/vinasfm.com\/noticias\/wp-json\/wp\/v2\/types\/post"}],"author":[{"embeddable":true,"href":"https:\/\/vinasfm.com\/noticias\/wp-json\/wp\/v2\/users\/7"}],"replies":[{"embeddable":true,"href":"https:\/\/vinasfm.com\/noticias\/wp-json\/wp\/v2\/comments?post=146920"}],"version-history":[{"count":4,"href":"https:\/\/vinasfm.com\/noticias\/wp-json\/wp\/v2\/posts\/146920\/revisions"}],"predecessor-version":[{"id":146988,"href":"https:\/\/vinasfm.com\/noticias\/wp-json\/wp\/v2\/posts\/146920\/revisions\/146988"}],"wp:featuredmedia":[{"embeddable":true,"href":"https:\/\/vinasfm.com\/noticias\/wp-json\/wp\/v2\/media\/146926"}],"wp:attachment":[{"href":"https:\/\/vinasfm.com\/noticias\/wp-json\/wp\/v2\/media?parent=146920"}],"wp:term":[{"taxonomy":"category","embeddable":true,"href":"https:\/\/vinasfm.com\/noticias\/wp-json\/wp\/v2\/categories?post=146920"},{"taxonomy":"post_tag","embeddable":true,"href":"https:\/\/vinasfm.com\/noticias\/wp-json\/wp\/v2\/tags?post=146920"}],"curies":[{"name":"wp","href":"https:\/\/api.w.org\/{rel}","templated":true}]}}