{"id":146912,"date":"2025-04-15T14:46:06","date_gmt":"2025-04-15T17:46:06","guid":{"rendered":"https:\/\/vinasfm.com\/noticias\/?p=146912"},"modified":"2025-04-16T10:03:26","modified_gmt":"2025-04-16T13:03:26","slug":"desde-la-camara-de-comercio-solicitaron-medidas-urgentes-por-el-mal-estado-de-la-ruta-171","status":"publish","type":"post","link":"https:\/\/vinasfm.com\/noticias\/desde-la-camara-de-comercio-solicitaron-medidas-urgentes-por-el-mal-estado-de-la-ruta-171\/","title":{"rendered":"DESDE LA C\u00c1MARA DE COMERCIO SOLICITARON MEDIDAS URGENTES POR EL MAL ESTADO DE LA RUTA 171"},"content":{"rendered":"<h4>En un reciente comunicado, desde la C\u00e1mara de Comercio de General Alvear expresaron su preocupaci\u00f3n por la ruta que conecta Real del Padre con Monte Coman.<\/h4>\n<p>El mal estado de la <strong>Ruta Provincial 171<\/strong> imposibilita el tr\u00e1nsito de todo tipo de veh\u00edculos, representando un riesgo para quienes deben circular por la misma.<\/p>\n<p>En dicho comunicado, desde la entidad consideran urgente <em><strong>\u00abla implementaci\u00f3n de medidas temporarias para aliviar los graves inconvenientes que genera el notable deterioro que ha tenido el camino\u00bb.<\/strong><\/em> As\u00ed mismo, realizan <em><strong>\u00abun llamado urgente a las autoridades para que intervengan y as\u00ed no tener que lamentar una situaci\u00f3n m\u00e1s tr\u00e1gica<\/strong><strong>\u00ab<\/strong><\/em>.<\/p>\n<p><a href=\"https:\/\/vinasfm.com\/noticias\/wp-content\/uploads\/2018\/12\/c\u00e1mara-de-comercio.jpg\"><img loading=\"lazy\" decoding=\"async\" class=\"alignnone size-medium wp-image-45432\" src=\"https:\/\/vinasfm.com\/noticias\/wp-content\/uploads\/2018\/12\/c\u00e1mara-de-comercio-300x225.jpg\" alt=\"\" width=\"300\" height=\"225\" srcset=\"https:\/\/vinasfm.com\/noticias\/wp-content\/uploads\/2018\/12\/c\u00e1mara-de-comercio-300x225.jpg 300w, https:\/\/vinasfm.com\/noticias\/wp-content\/uploads\/2018\/12\/c\u00e1mara-de-comercio-768x576.jpg 768w, https:\/\/vinasfm.com\/noticias\/wp-content\/uploads\/2018\/12\/c\u00e1mara-de-comercio-1024x768.jpg 1024w, https:\/\/vinasfm.com\/noticias\/wp-content\/uploads\/2018\/12\/c\u00e1mara-de-comercio.jpg 1280w\" sizes=\"auto, (max-width: 300px) 100vw, 300px\" \/><\/a><\/p>\n<h2>El comunicado<\/h2>\n<p>Desde la C\u00e1mara de Comercio de Alvear expresamos nuestra profunda preocupaci\u00f3n por el estado calamitoso de la Ruta Provincial 171, que conecta Real del Padre con Monte Com\u00e1n, ambos distritos de San Rafael, y contin\u00faa hacia Santa Rosa por la RP 153.<\/p>\n<p>Si bien celebramos que el Gobierno de Mendoza diera cabida a las reiteradas solicitudes que partieron desde la instituci\u00f3n, y que el corredor vial haya sido incluido en el plan de obras financiado con los recursos provenientes del resarcimiento por la promoci\u00f3n industrial, y cuya licitaci\u00f3n ya fue adjudicada a la empresa Cartellone, consideramos urgente la implementaci\u00f3n de medidas temporarias para aliviar los graves inconvenientes que genera el notable deterioro que ha tenido el camino.<\/p>\n<p>En particular, la RP 171 se encuentra en p\u00e9simas condiciones y literalmente est\u00e1 intransitable, lo que genera importantes p\u00e9rdidas econ\u00f3micas debido a los da\u00f1os en los veh\u00edculos de quienes la transitan. Ante esta situaci\u00f3n, hacemos un llamado urgente a las autoridades para que intervengan y as\u00ed no tener que lamentar una situaci\u00f3n m\u00e1s tr\u00e1gica como la p\u00e9rdida de una vida.<\/p>\n<p>Es imperioso que, mientras se aguarda el inicio de los trabajos de repavimentaci\u00f3n, se realicen tareas de mantenimiento, como el bacheo, para reducir los peligros y dificultades que conlleva movilizarse por ese corredor vial.<\/p>\n<p>Adem\u00e1s, como ya lo se\u00f1ala la misma informaci\u00f3n oficial, la RP 171 y la RP 153 son una \u201cconexi\u00f3n fundamental para los departamentos del noreste con el sur\u201d.<\/p>\n","protected":false},"excerpt":{"rendered":"<p>En un reciente comunicado, desde la C\u00e1mara de Comercio de General Alvear expresaron su preocupaci\u00f3n por la ruta que conecta Real &#8230;<\/p>\n","protected":false},"author":7,"featured_media":146913,"comment_status":"open","ping_status":"open","sticky":false,"template":"","format":"standard","meta":{"footnotes":""},"categories":[5,79],"tags":[],"class_list":["post-146912","post","type-post","status-publish","format-standard","has-post-thumbnail","hentry","category-actualidad","category-vialidad"],"_links":{"self":[{"href":"https:\/\/vinasfm.com\/noticias\/wp-json\/wp\/v2\/posts\/146912","targetHints":{"allow":["GET"]}}],"collection":[{"href":"https:\/\/vinasfm.com\/noticias\/wp-json\/wp\/v2\/posts"}],"about":[{"href":"https:\/\/vinasfm.com\/noticias\/wp-json\/wp\/v2\/types\/post"}],"author":[{"embeddable":true,"href":"https:\/\/vinasfm.com\/noticias\/wp-json\/wp\/v2\/users\/7"}],"replies":[{"embeddable":true,"href":"https:\/\/vinasfm.com\/noticias\/wp-json\/wp\/v2\/comments?post=146912"}],"version-history":[{"count":2,"href":"https:\/\/vinasfm.com\/noticias\/wp-json\/wp\/v2\/posts\/146912\/revisions"}],"predecessor-version":[{"id":146915,"href":"https:\/\/vinasfm.com\/noticias\/wp-json\/wp\/v2\/posts\/146912\/revisions\/146915"}],"wp:featuredmedia":[{"embeddable":true,"href":"https:\/\/vinasfm.com\/noticias\/wp-json\/wp\/v2\/media\/146913"}],"wp:attachment":[{"href":"https:\/\/vinasfm.com\/noticias\/wp-json\/wp\/v2\/media?parent=146912"}],"wp:term":[{"taxonomy":"category","embeddable":true,"href":"https:\/\/vinasfm.com\/noticias\/wp-json\/wp\/v2\/categories?post=146912"},{"taxonomy":"post_tag","embeddable":true,"href":"https:\/\/vinasfm.com\/noticias\/wp-json\/wp\/v2\/tags?post=146912"}],"curies":[{"name":"wp","href":"https:\/\/api.w.org\/{rel}","templated":true}]}}