{"id":146902,"date":"2025-04-15T12:22:39","date_gmt":"2025-04-15T15:22:39","guid":{"rendered":"https:\/\/vinasfm.com\/noticias\/?p=146902"},"modified":"2025-04-16T09:58:30","modified_gmt":"2025-04-16T12:58:30","slug":"la-bodega-jorge-rubio-sera-el-escenario-del-ciclo-musica-clasica-por-los-caminos-del-vino","status":"publish","type":"post","link":"https:\/\/vinasfm.com\/noticias\/la-bodega-jorge-rubio-sera-el-escenario-del-ciclo-musica-clasica-por-los-caminos-del-vino\/","title":{"rendered":"LA BODEGA FAMILIA JORGE RUBIO SER\u00c1 EL ESCENARIO DEL CICLO M\u00daSICA CL\u00c1SICA POR LOS CAMINOS DEL VINO"},"content":{"rendered":"<h4 data-sourcepos=\"3:1-3:402\"><span style=\"color: #000000;\">El departamento se prepara para<span class=\"grammar correction\" title=\"Posible error tipogr\u00e1fico: m\u00faltiples espacios en blanco\" data-type=\"grammar\" data-suggestions=\"[{&quot;value&quot;:&quot;\u00a0&quot;}]\" data-rule=\"WHITESPACE_RULE\" data-word=\"\u00a0\u00a0\">\u00a0<\/span>que combina la cultura <span class=\"error grammar\" title=\"Combinaci\u00f3n imposible: preposici\u00f3n seguida de verbo conjugado.\" data-type=\"grammar\" data-suggestions=\"[{&quot;value&quot;:&quot;del sino&quot;},{&quot;value&quot;:&quot;del ni\u00f1o&quot;},{&quot;value&quot;:&quot;del vivo&quot;},{&quot;value&quot;:&quot;del vinos&quot;},{&quot;value&quot;:&quot;del ba\u00f1o&quot;},{&quot;value&quot;:&quot;del fino&quot;},{&quot;value&quot;:&quot;del pino&quot;}]\" data-rule=\"PREP_VERB\" data-word=\"del vino\">del vino<\/span> con la excelencia de la m\u00fasica cl\u00e1sica. <\/span><\/h4>\n<p data-sourcepos=\"3:1-3:402\"><span style=\"color: #000000;\">En el marco de una vibrante jornada de la celebraci\u00f3n del 25\u00ba aniversario del tradicional evento <em>\u00abM\u00fasica Cl\u00e1sica por los Caminos del Vino\u00bb<\/em>, la regi\u00f3n se convierte en anfitriona de propuestas que han generado gran entusiasmo en el p\u00fablico. <\/span><\/p>\n<p data-sourcepos=\"3:1-3:402\"><span style=\"color: #000000;\"><strong><span style=\"color: #003366;\">Carlos Weiner<\/span><\/strong>, <em>delegado de la Zona Sur del Ente Mendoza Turismo (<span class=\"error misspelling\" title=\"Se ha encontrado un posible error ortogr\u00e1fico.\" data-type=\"misspelling\" data-suggestions=\"[{&quot;value&quot;:&quot;EMITIR&quot;},{&quot;value&quot;:&quot;METER&quot;},{&quot;value&quot;:&quot;REMETER&quot;},{&quot;value&quot;:&quot;DEM\u00c9TER&quot;},{&quot;value&quot;:&quot;LETUR&quot;},{&quot;value&quot;:&quot;MEUR&quot;},{&quot;value&quot;:&quot;MITUR&quot;}]\" data-rule=\"MORFOLOGIK_RULE_ES\" data-word=\"EMETUR\">EMETUR<\/span>)<\/em>, celebr\u00f3 los 25 a\u00f1os del evento que considera <em><strong><span class=\"grammar correction\" title=\"En una tipograf\u00eda cuidada, use comillas tipogr\u00e1ficas.\" data-type=\"grammar\" data-suggestions=\"[{&quot;value&quot;:&quot;\u201c&quot;},{&quot;value&quot;:&quot;\u00ab&quot;}]\" data-rule=\"COMILLAS_TIPOGRAFICAS\" data-word=\"&quot;\">\u201c<\/span>un orgullo para la provincia de Mendoza<span class=\"grammar correction\" title=\"En una tipograf\u00eda cuidada, use comillas tipogr\u00e1ficas.\" data-type=\"grammar\" data-suggestions=\"[{&quot;value&quot;:&quot;\u201d&quot;},{&quot;value&quot;:&quot;\u00bb&quot;}]\" data-rule=\"COMILLAS_TIPOGRAFICAS\" data-word=\"&quot;\">\u201d<\/span><\/strong><\/em>. Weiner record\u00f3 que el festival comenz\u00f3 en 2001 con presentaciones en 18 departamentos y hoy cuenta con 66 a lo largo de toda la provincia, cuatro de ellas en el sur mendocino. <strong>El festival llega a General Alvear, con la Bodega Familia Rubio como el escenario principal de la velada. <\/strong><\/span><\/p>\n<p data-sourcepos=\"3:1-3:402\"><span style=\"color: #000000;\">Weiner confirm\u00f3 la presencia del evento en el departamento este mi\u00e9rcoles 16 de abril a las 21:00 horas, que contar\u00e1 con la presentaci\u00f3n del Cuarteto Abutcov, destacando la excelente respuesta del p\u00fablico alvearense. <strong><span class=\"grammar correction\" title=\"En una tipograf\u00eda cuidada, use comillas tipogr\u00e1ficas.\" data-type=\"grammar\" data-suggestions=\"[{&quot;value&quot;:&quot;\u201c&quot;},{&quot;value&quot;:&quot;\u00ab&quot;}]\" data-rule=\"COMILLAS_TIPOGRAFICAS\" data-word=\"&quot;\">\u201c<\/span>En Alvear se pusieron 200 entradas a disposici\u00f3n y en menos de 24 horas colapsaron<span class=\"grammar correction\" title=\"En una tipograf\u00eda cuidada, use comillas tipogr\u00e1ficas.\" data-type=\"grammar\" data-suggestions=\"[{&quot;value&quot;:&quot;\u201d&quot;},{&quot;value&quot;:&quot;\u00bb&quot;}]\" data-rule=\"COMILLAS_TIPOGRAFICAS\" data-word=\"&quot;\">\u201d<\/span><\/strong>,\u00a0subray\u00f3. <\/span><\/p>\n<p data-sourcepos=\"3:1-3:402\"><span style=\"color: #000000;\">Debido a la limitaci\u00f3n de espacio, no se emitir\u00e1n m\u00e1s entradas para el evento de m\u00fasica cl\u00e1sica en la bodega. Sin embargo, Weiner resalt\u00f3 el trabajo que viene realizando General Alvear para acercar el vino a trav\u00e9s de las salas de degustaciones y otras propuestas, invitando al p\u00fablico a estar atento a futuros eventos para disfrutar de episodios que combinan m\u00fasica, vino y gastronom\u00eda.\u00a0 <\/span><\/p>\n<p data-sourcepos=\"3:1-3:402\"><strong><span style=\"color: #000000;\">La gira por el sur mendocino continuar\u00e1 el viernes 18 de abril, a las 19:00 horas, en San Rafael <em>(Bodega Chaglasian, Concierto de Guitarra Cl\u00e1sica Latinoamericana \u2013 Francisco Alonso),<\/em> y el domingo 20 de abril, a las 20:00 horas, en Malarg\u00fce <em>(Centro de Convenciones y Exposiciones Thesaurus, Cuarteto Abutcov).<\/em><\/span><\/strong><\/p>\n<p data-sourcepos=\"3:1-3:402\"><a href=\"https:\/\/vinasfm.com\/noticias\/wp-content\/uploads\/2025\/04\/Musica-Clasica-por-los-Caminos-del-VinoDesde-el-12-al-20-de-abril-Miercoles-16-21-hs.Bodega-Familia-Jorge-RubioEntradas-Agotadas.jpg\"><img loading=\"lazy\" decoding=\"async\" class=\"wp-image-146910 aligncenter\" src=\"https:\/\/vinasfm.com\/noticias\/wp-content\/uploads\/2025\/04\/Musica-Clasica-por-los-Caminos-del-VinoDesde-el-12-al-20-de-abril-Miercoles-16-21-hs.Bodega-Familia-Jorge-RubioEntradas-Agotadas-819x1024.jpg\" alt=\"\" width=\"400\" height=\"500\" srcset=\"https:\/\/vinasfm.com\/noticias\/wp-content\/uploads\/2025\/04\/Musica-Clasica-por-los-Caminos-del-VinoDesde-el-12-al-20-de-abril-Miercoles-16-21-hs.Bodega-Familia-Jorge-RubioEntradas-Agotadas-819x1024.jpg 819w, https:\/\/vinasfm.com\/noticias\/wp-content\/uploads\/2025\/04\/Musica-Clasica-por-los-Caminos-del-VinoDesde-el-12-al-20-de-abril-Miercoles-16-21-hs.Bodega-Familia-Jorge-RubioEntradas-Agotadas-240x300.jpg 240w, https:\/\/vinasfm.com\/noticias\/wp-content\/uploads\/2025\/04\/Musica-Clasica-por-los-Caminos-del-VinoDesde-el-12-al-20-de-abril-Miercoles-16-21-hs.Bodega-Familia-Jorge-RubioEntradas-Agotadas-768x960.jpg 768w, https:\/\/vinasfm.com\/noticias\/wp-content\/uploads\/2025\/04\/Musica-Clasica-por-los-Caminos-del-VinoDesde-el-12-al-20-de-abril-Miercoles-16-21-hs.Bodega-Familia-Jorge-RubioEntradas-Agotadas.jpg 1080w\" sizes=\"auto, (max-width: 400px) 100vw, 400px\" \/><\/a><\/p>\n<h2 data-sourcepos=\"3:1-3:402\"><span style=\"color: #000000;\">Noche de Degustaci\u00f3n Agotada en Bodega Familia Jorge Rubio <\/span><\/h2>\n<p data-sourcepos=\"3:1-3:402\"><span style=\"color: #000000;\">El <em>director de Turismo de General Alvear<\/em>, <span style=\"color: #003366;\"><strong>Gustavo Garc\u00eda<\/strong><\/span>, expres\u00f3 su agradecimiento a Jorge Rubio por las instalaciones de su bodega, que ser\u00e1 sede de una nueva edici\u00f3n del evento en General Alvear. Destac\u00f3 el \u00e9xito de la convocatoria impulsado tambi\u00e9n por el programa municipal <em><span class=\"grammar correction\" title=\"En una tipograf\u00eda cuidada, use comillas tipogr\u00e1ficas.\" data-type=\"grammar\" data-suggestions=\"[{&quot;value&quot;:&quot;\u201c&quot;},{&quot;value&quot;:&quot;\u00ab&quot;}]\" data-rule=\"COMILLAS_TIPOGRAFICAS\" data-word=\"&quot;\">\u201c<\/span>Sala de Ganar Amigos<span class=\"grammar correction\" title=\"En una tipograf\u00eda cuidada, use comillas tipogr\u00e1ficas.\" data-type=\"grammar\" data-suggestions=\"[{&quot;value&quot;:&quot;\u201d&quot;},{&quot;value&quot;:&quot;\u00bb&quot;}]\" data-rule=\"COMILLAS_TIPOGRAFICAS\" data-word=\"&quot;\">\u201d<\/span><\/em>, que se realiza en la Bodega Jorge Rubio. <strong>El evento consistir\u00e1 en una degustaci\u00f3n de los diversos varietales que ofrece Bodega Familia Jorge Rubio. <\/strong><\/span><\/p>\n<p data-sourcepos=\"3:1-3:402\"><span style=\"color: #000000;\">El <em>empresario bodeguero<\/em>, <strong><span style=\"color: #003366;\">Jorge Rubio<\/span><\/strong>, manifest\u00f3 su alegr\u00eda por <em><strong><span class=\"grammar correction\" title=\"En una tipograf\u00eda cuidada, use comillas tipogr\u00e1ficas.\" data-type=\"grammar\" data-suggestions=\"[{&quot;value&quot;:&quot;\u201c&quot;},{&quot;value&quot;:&quot;\u00ab&quot;}]\" data-rule=\"COMILLAS_TIPOGRAFICAS\" data-word=\"&quot;\">\u201c<\/span>poder mostrar a la gente nuestras instalaciones y que puedan degustar los distintos varietales que cada l\u00ednea posee<span class=\"grammar correction\" title=\"En una tipograf\u00eda cuidada, use comillas tipogr\u00e1ficas.\" data-type=\"grammar\" data-suggestions=\"[{&quot;value&quot;:&quot;\u201d&quot;},{&quot;value&quot;:&quot;\u00bb&quot;}]\" data-rule=\"COMILLAS_TIPOGRAFICAS\" data-word=\"&quot;\">\u201d<\/span><\/strong><\/em>. Rubio se\u00f1al\u00f3 que esta es una oportunidad para dar a conocer no solo los varietales m\u00e1s conocidos, sino tambi\u00e9n otras propuestas como el <span class=\"error misspelling\" title=\"Se ha encontrado un posible error ortogr\u00e1fico.\" data-type=\"misspelling\" data-suggestions=\"[{&quot;value&quot;:&quot;R\u00f2se&quot;},{&quot;value&quot;:&quot;Jos\u00e9&quot;},{&quot;value&quot;:&quot;Rosa&quot;},{&quot;value&quot;:&quot;Pose&quot;},{&quot;value&quot;:&quot;Roce&quot;},{&quot;value&quot;:&quot;Rosen&quot;},{&quot;value&quot;:&quot;Robe&quot;}]\" data-rule=\"MORFOLOGIK_RULE_ES\" data-word=\"Ros\u00e9\">Ros\u00e9<\/span> Malbec.<strong> La degustaci\u00f3n se realizar\u00e1 en el sal\u00f3n de eventos de la bodega, y se ofrecer\u00e1 la posibilidad de recorrer las instalaciones en grupos reducidos.<\/strong> Rubio tambi\u00e9n comparti\u00f3 un balance positivo del a\u00f1o para la bodega, con un crecimiento del 50% en ventas en el primer trimestre, tanto en el mercado interno como en el externo, a pesar de las dificultades en Europa. <\/span><\/p>\n<p data-sourcepos=\"3:1-3:402\"><span style=\"color: #000000;\"><span class=\"grammar correction\" title=\"Es preferible usar otra expresi\u00f3n.\" data-type=\"grammar\" data-suggestions=\"[{&quot;value&quot;:&quot;En relaci\u00f3n con el&quot;},{&quot;value&quot;:&quot;Con relaci\u00f3n al&quot;},{&quot;value&quot;:&quot;En lo que se refiere al&quot;}]\" data-rule=\"EN_RELACION_AL\" data-word=\"En relaci\u00f3n al\">En relaci\u00f3n con el<\/span> D\u00eda del Malbec, que se celebra el 17 de abril, destac\u00f3 la versatilidad de esta variedad, que permite elaborar desde vinos j\u00f3venes y frutados hasta vinos de guarda, resaltando sus caracter\u00edsticas arom\u00e1ticas y taninos suaves. Adem\u00e1s, adelant\u00f3 el lanzamiento de un Malbec de baja graduaci\u00f3n alcoh\u00f3lica.<\/span><\/p>\n","protected":false},"excerpt":{"rendered":"<p>El departamento se prepara para\u00a0que combina la cultura del vino con la excelencia de la m\u00fasica cl\u00e1sica. En el marco de &#8230;<\/p>\n","protected":false},"author":7,"featured_media":146907,"comment_status":"open","ping_status":"open","sticky":false,"template":"","format":"standard","meta":{"footnotes":""},"categories":[19,10],"tags":[],"class_list":["post-146902","post","type-post","status-publish","format-standard","has-post-thumbnail","hentry","category-cultura","category-destacadas"],"_links":{"self":[{"href":"https:\/\/vinasfm.com\/noticias\/wp-json\/wp\/v2\/posts\/146902","targetHints":{"allow":["GET"]}}],"collection":[{"href":"https:\/\/vinasfm.com\/noticias\/wp-json\/wp\/v2\/posts"}],"about":[{"href":"https:\/\/vinasfm.com\/noticias\/wp-json\/wp\/v2\/types\/post"}],"author":[{"embeddable":true,"href":"https:\/\/vinasfm.com\/noticias\/wp-json\/wp\/v2\/users\/7"}],"replies":[{"embeddable":true,"href":"https:\/\/vinasfm.com\/noticias\/wp-json\/wp\/v2\/comments?post=146902"}],"version-history":[{"count":2,"href":"https:\/\/vinasfm.com\/noticias\/wp-json\/wp\/v2\/posts\/146902\/revisions"}],"predecessor-version":[{"id":146955,"href":"https:\/\/vinasfm.com\/noticias\/wp-json\/wp\/v2\/posts\/146902\/revisions\/146955"}],"wp:featuredmedia":[{"embeddable":true,"href":"https:\/\/vinasfm.com\/noticias\/wp-json\/wp\/v2\/media\/146907"}],"wp:attachment":[{"href":"https:\/\/vinasfm.com\/noticias\/wp-json\/wp\/v2\/media?parent=146902"}],"wp:term":[{"taxonomy":"category","embeddable":true,"href":"https:\/\/vinasfm.com\/noticias\/wp-json\/wp\/v2\/categories?post=146902"},{"taxonomy":"post_tag","embeddable":true,"href":"https:\/\/vinasfm.com\/noticias\/wp-json\/wp\/v2\/tags?post=146902"}],"curies":[{"name":"wp","href":"https:\/\/api.w.org\/{rel}","templated":true}]}}