{"id":146894,"date":"2025-04-15T10:52:48","date_gmt":"2025-04-15T13:52:48","guid":{"rendered":"https:\/\/vinasfm.com\/noticias\/?p=146894"},"modified":"2025-04-16T10:00:17","modified_gmt":"2025-04-16T13:00:17","slug":"capturaron-al-acusado-de-secuestro-y-abuso-sexual-en-las-heras","status":"publish","type":"post","link":"https:\/\/vinasfm.com\/noticias\/capturaron-al-acusado-de-secuestro-y-abuso-sexual-en-las-heras\/","title":{"rendered":"CAPTURARON AL ACUSADO DE SECUESTRO Y ABUSO SEXUAL EN LAS HERAS"},"content":{"rendered":"<hr \/>\n<h4>Lo encontraron tras un allanamiento en Las Heras donde la Polic\u00eda atrap\u00f3 al sospechoso de secuestro y abuso sexual de una joven de 20 a\u00f1os.<\/h4>\n<article class=\"article-body first\">\n<div class=\"article-content\">\n<div class=\"cuerpo\" data-twitter-link=\"\">\n<p><strong>V\u00edctor An\u00edbal Rodr\u00edguez<\/strong>, de 50 a\u00f1os, fue capturado en la ma\u00f1ana de este martes. Estaba escondido en\u00a0<strong>El Algarrobal<\/strong>, donde los pesquisas tuvieron el dato e hicieron un allanamiento a primera hora. Se trata del \u00fanico sospechoso de secuestro y\u00a0<strong>abuso sexual<\/strong>\u00a0de una joven estudiante en\u00a0<strong>Las Heras<\/strong>.<\/p>\n<\/div>\n<\/div>\n<\/article>\n<article class=\"article-body\">\n<div class=\"article-content\">\n<div class=\"cuerpo\" data-twitter-link=\"\">\n<p>Personal de Investigaciones captur\u00f3 este martes en un descampado de Callej\u00f3n Rivas, en\u00a0<strong>El Algarrobal<\/strong>, luego de tener el dato que el acusado de\u00a0<strong>secuestrar\u00a0<\/strong>a una joven estudiante de 20 a\u00f1os el lunes 7 de abril estaba all\u00ed.<\/p>\n<p><img decoding=\"async\" src=\"https:\/\/media.diariouno.com.ar\/p\/b9bc128eacc6ae4e50fe9468707617da\/adjuntos\/298\/imagenes\/009\/532\/0009532378\/1200x0\/smart\/abuso-sexual-detencion-victor-anibal-rodriguezjpg.jpg\" \/><\/p>\n<article class=\"article-body\">\n<div class=\"article-content\">\n<div class=\"cuerpo\" data-twitter-link=\"\">\n<p>Personal de una obra en construcci\u00f3n de la zona desolada cont\u00f3 a medios provinciales que esta ma\u00f1ana vieron a un hombre que caminaba por el\u00a0<strong>descampado\u00a0<\/strong>con una mochila y con un colch\u00f3n.<\/p>\n<\/div>\n<\/div>\n<\/article>\n<article class=\"article-body third-p\">\n<div class=\"article-content\">\n<div class=\"cuerpo\" data-twitter-link=\"\">\n<p>\u00abLlamamos a la Polic\u00eda para que vinieran porque se ve\u00eda\u00a0<strong>sospechoso<\/strong>\u00ab, indicaron los obreros.<\/p>\n<h2>El lugar donde capturaron al acusado de abuso sexual de una estudiante<\/h2>\n<p>El acusado tener cautiva a una joven de 20 a\u00f1os durante 7 horas en su casa de\u00a0<strong>El Borboll\u00f3n<\/strong>, fue atrapado en un callej\u00f3n de muy complicado acceso en medio de una zona desolada de El Algarrobal, Las Heras, luego de la Ruta 28, cerca del Hospital Gailhac, en Las Heras.<\/p>\n<h6>Diario Uno.<\/h6>\n<\/div>\n<\/div>\n<\/article>\n<\/div>\n<\/div>\n<\/article>\n","protected":false},"excerpt":{"rendered":"<p>Lo encontraron tras un allanamiento en Las Heras donde la Polic\u00eda atrap\u00f3 al sospechoso de secuestro y abuso sexual de una &#8230;<\/p>\n","protected":false},"author":7,"featured_media":146636,"comment_status":"open","ping_status":"open","sticky":false,"template":"","format":"standard","meta":{"footnotes":""},"categories":[22,4],"tags":[],"class_list":["post-146894","post","type-post","status-publish","format-standard","has-post-thumbnail","hentry","category-justicia","category-policiales"],"_links":{"self":[{"href":"https:\/\/vinasfm.com\/noticias\/wp-json\/wp\/v2\/posts\/146894","targetHints":{"allow":["GET"]}}],"collection":[{"href":"https:\/\/vinasfm.com\/noticias\/wp-json\/wp\/v2\/posts"}],"about":[{"href":"https:\/\/vinasfm.com\/noticias\/wp-json\/wp\/v2\/types\/post"}],"author":[{"embeddable":true,"href":"https:\/\/vinasfm.com\/noticias\/wp-json\/wp\/v2\/users\/7"}],"replies":[{"embeddable":true,"href":"https:\/\/vinasfm.com\/noticias\/wp-json\/wp\/v2\/comments?post=146894"}],"version-history":[{"count":2,"href":"https:\/\/vinasfm.com\/noticias\/wp-json\/wp\/v2\/posts\/146894\/revisions"}],"predecessor-version":[{"id":146900,"href":"https:\/\/vinasfm.com\/noticias\/wp-json\/wp\/v2\/posts\/146894\/revisions\/146900"}],"wp:featuredmedia":[{"embeddable":true,"href":"https:\/\/vinasfm.com\/noticias\/wp-json\/wp\/v2\/media\/146636"}],"wp:attachment":[{"href":"https:\/\/vinasfm.com\/noticias\/wp-json\/wp\/v2\/media?parent=146894"}],"wp:term":[{"taxonomy":"category","embeddable":true,"href":"https:\/\/vinasfm.com\/noticias\/wp-json\/wp\/v2\/categories?post=146894"},{"taxonomy":"post_tag","embeddable":true,"href":"https:\/\/vinasfm.com\/noticias\/wp-json\/wp\/v2\/tags?post=146894"}],"curies":[{"name":"wp","href":"https:\/\/api.w.org\/{rel}","templated":true}]}}