{"id":146892,"date":"2025-04-15T10:56:13","date_gmt":"2025-04-15T13:56:13","guid":{"rendered":"https:\/\/vinasfm.com\/noticias\/?p=146892"},"modified":"2025-04-16T09:59:49","modified_gmt":"2025-04-16T12:59:49","slug":"imputaron-al-conductor-alcoholizado-que-mato-al-alvearense-francisco-cruz","status":"publish","type":"post","link":"https:\/\/vinasfm.com\/noticias\/imputaron-al-conductor-alcoholizado-que-mato-al-alvearense-francisco-cruz\/","title":{"rendered":"IMPUTARON AL CONDUCTOR ALCOHOLIZADO QUE MAT\u00d3 AL ALVEARENSE FRANCISCO CRUZ"},"content":{"rendered":"<h4>Francisco Mart\u00ednez (23) recibi\u00f3 la m\u00e1s dura acusaci\u00f3n en su contra por el accidente ocurrido en la madrugada del domingo pasado en General Alvear.<\/h4>\n<article class=\"article-body first\">\n<div class=\"article-content\">\n<div class=\"cuerpo\" data-twitter-link=\"\">\n<p>Luego de\u00a0<strong>conducir alcoholizado<\/strong>, atropellar a un grupo de personas y matar a un joven\u00a0<strong>futbolista,<\/strong>\u00a0un joven de 23 a\u00f1os recibi\u00f3 la m\u00e1s dura imputaci\u00f3n por el\u00a0<strong><a href=\"https:\/\/www.diariouno.com.ar\/policiales\/dos-muertos-accidentes-transito-la-madrugada-del-domingo-n1422140\" target=\"_blank\" rel=\"follow noopener\">accidente<\/a><\/strong>\u00a0ocurrido en la madrugada del domingo pasado en\u00a0<strong>General Alvear<\/strong>. Ahora arriesga una pena de entre 8 y 25 a\u00f1os de c\u00e1rcel por la muerte de\u00a0<strong>Francisco Cruz<\/strong>\u00a0(26) que conmocion\u00f3 el Sur provincial.<\/p>\n<\/div>\n<\/div>\n<\/article>\n<article class=\"article-body\">\n<div class=\"article-content\">\n<div class=\"cuerpo\" data-twitter-link=\"\">\n<p><strong>Francisco Agust\u00edn Mart\u00ednez<\/strong>\u00a0(23), oriundo de R\u00edo Negro, se encuentra privado de su libertad desde el mismo momento en que ocurri\u00f3 el\u00a0<strong>accidente.<\/strong>\u00a0El fiscal de Tr\u00e1nsito de\u00a0<strong>General Alvear<\/strong>, Guillermo Parigi, lo imput\u00f3 por\u00a0<strong>homicidio simple con dolo eventual<\/strong>, por lo que arriesga una pena de 8 a 25 a\u00f1os de c\u00e1rcel.<\/p>\n<p>Bajo esa calificaci\u00f3n legal, la Fiscal\u00eda departamental considera que al\u00a0<strong>conducir alcoholizado<\/strong>\u00a0sab\u00eda que pod\u00eda causar un desenlace fatal y no hizo nada para evitarlo. En las pr\u00f3ximas horas se definir\u00e1 si contin\u00faa detenido o recupera su libertad.<\/p>\n<p>Tras el\u00a0<strong>accidente<\/strong>\u00a0fatal, en las \u00faltimas horas tambi\u00e9n trascendi\u00f3 un video que fue filmado por una hermana de\u00a0<strong>Francisco Cruz<\/strong>. En las im\u00e1genes se puede ver al<strong>\u00a0conductor alcoholizado\u00a0<\/strong>minutos despu\u00e9s de atropellar a las v\u00edctimas y antes de ser detenido. Mientras los familiares de las v\u00edctimas lo insultan, se puede observar las dificultades de<strong>\u00a0Francisco Mart\u00ednez\u00a0<\/strong>para bajarse del rodado.<\/p>\n<p>El accidente ocurri\u00f3 minutos despu\u00e9s de las 7 del domingo pasado cuando\u00a0<strong>Francisco Cruz,\u00a0<\/strong>futbolista de club Ferro Carril Oeste de\u00a0<strong>General Alvear<\/strong>, se encontraba caminando por la banquina norte de la ruta 188 junto a un chico de 25 a\u00f1os, otro de 24, una joven de 18 a\u00f1os y un menor de edad de 17 a\u00f1os. Tres de ellos fueron impactados violentamente por un auto Ford Fiesta que circulaba en la direcci\u00f3n contraria y cuyo conductor termin\u00f3 perdiendo el dominio.<\/p>\n<p><strong>Francisco Cruz<\/strong>\u00a0se llev\u00f3 la peor parte ya que termin\u00f3 perdiendo la vida en el lugar del hecho. Mientras que la joven de 18 a\u00f1os fue derivada al Hospital Schestakow. Se encuentra internada en grave estado con desplazamiento de v\u00e9rtebras cervicales y graves lesiones en el cr\u00e1neo. Mientras que el menor de edad termin\u00f3 con heridas leves.<\/p>\n<p>El conductor del veh\u00edculo tambi\u00e9n fue trasladado en ambulancia al Hospital Enfermeros Argentinos, donde qued\u00f3 internado con consigna policial ya que ten\u00eda\u00a0<strong>2,14 gramos de alcohol en sangre<\/strong>.<\/p>\n<article class=\"article-body third-p\">\n<div class=\"article-content\">\n<div class=\"cuerpo\" data-twitter-link=\"\">\n<p>Hace 40 d\u00edas atr\u00e1s otro jugador del mismo club,\u00a0<strong>Gonzalo Nidoriz Aset<\/strong>\u00a0(24), tambi\u00e9n muri\u00f3 producto de un\u00a0<strong>accidente<\/strong>\u00a0producido por un\u00a0<strong>conductor alcoholizado<\/strong>. El 4 de marzo pasado, d\u00eda en que cumpl\u00eda a\u00f1os, circulaba en bicicleta cuando fue atropellado por una camioneta conducida por\u00a0<strong>Joaqu\u00edn Bajo<\/strong>\u00a0(24), quien ten\u00eda\u00a0<strong>1,13 gramos de alcohol en sangre.\u00a0<\/strong>Este \u00faltimo se encuentra con arresto domiciliario e imputado por homicidio simple con dolo eventual -arriesga de 8 a 25 a\u00f1os de c\u00e1rcel.<\/p>\n<\/div>\n<\/div>\n<\/article>\n<div class=\"social-sidebar\">\n<div class=\"face-book\"><\/div>\n<div class=\"twitter\"><\/div>\n<div class=\"mail\"><\/div>\n<div class=\"whatsapp\"><\/div>\n<div class=\"linkedin\"><\/div>\n<\/div>\n<\/div>\n<\/div>\n<\/article>\n","protected":false},"excerpt":{"rendered":"<p>Francisco Mart\u00ednez (23) recibi\u00f3 la m\u00e1s dura acusaci\u00f3n en su contra por el accidente ocurrido en la madrugada del domingo pasado &#8230;<\/p>\n","protected":false},"author":7,"featured_media":146896,"comment_status":"open","ping_status":"open","sticky":false,"template":"","format":"standard","meta":{"footnotes":""},"categories":[22,184],"tags":[],"class_list":["post-146892","post","type-post","status-publish","format-standard","has-post-thumbnail","hentry","category-justicia","category-siniestro-vial"],"_links":{"self":[{"href":"https:\/\/vinasfm.com\/noticias\/wp-json\/wp\/v2\/posts\/146892","targetHints":{"allow":["GET"]}}],"collection":[{"href":"https:\/\/vinasfm.com\/noticias\/wp-json\/wp\/v2\/posts"}],"about":[{"href":"https:\/\/vinasfm.com\/noticias\/wp-json\/wp\/v2\/types\/post"}],"author":[{"embeddable":true,"href":"https:\/\/vinasfm.com\/noticias\/wp-json\/wp\/v2\/users\/7"}],"replies":[{"embeddable":true,"href":"https:\/\/vinasfm.com\/noticias\/wp-json\/wp\/v2\/comments?post=146892"}],"version-history":[{"count":2,"href":"https:\/\/vinasfm.com\/noticias\/wp-json\/wp\/v2\/posts\/146892\/revisions"}],"predecessor-version":[{"id":146899,"href":"https:\/\/vinasfm.com\/noticias\/wp-json\/wp\/v2\/posts\/146892\/revisions\/146899"}],"wp:featuredmedia":[{"embeddable":true,"href":"https:\/\/vinasfm.com\/noticias\/wp-json\/wp\/v2\/media\/146896"}],"wp:attachment":[{"href":"https:\/\/vinasfm.com\/noticias\/wp-json\/wp\/v2\/media?parent=146892"}],"wp:term":[{"taxonomy":"category","embeddable":true,"href":"https:\/\/vinasfm.com\/noticias\/wp-json\/wp\/v2\/categories?post=146892"},{"taxonomy":"post_tag","embeddable":true,"href":"https:\/\/vinasfm.com\/noticias\/wp-json\/wp\/v2\/tags?post=146892"}],"curies":[{"name":"wp","href":"https:\/\/api.w.org\/{rel}","templated":true}]}}