{"id":146889,"date":"2025-04-15T10:49:26","date_gmt":"2025-04-15T13:49:26","guid":{"rendered":"https:\/\/vinasfm.com\/noticias\/?p=146889"},"modified":"2025-04-15T23:05:08","modified_gmt":"2025-04-16T02:05:08","slug":"fuerte-respaldo-de-mauricio-macri-al-grupo-libertador-de-general-alvear","status":"publish","type":"post","link":"https:\/\/vinasfm.com\/noticias\/fuerte-respaldo-de-mauricio-macri-al-grupo-libertador-de-general-alvear\/","title":{"rendered":"FUERTE RESPALDO DE MAURICIO MACRI AL GRUPO LIBERTADOR DE GENERAL ALVEAR"},"content":{"rendered":"<h4><span style=\"color: #000000;\">El viernes pasado el presidente del PRO Nacional, Mauricio Macri, visit\u00f3 Mendoza y dej\u00f3 claro su apoyo para quien comanda el partido amarillo en la provincia como para el alvearense Javier L\u00f3pez, integrante del \u201cGrupo Libertador de General Alvear. <\/span><\/h4>\n<p><span style=\"color: #000000;\">L\u00f3pez estuvo presente en un hotel c\u00e9ntrico, donde se congregaron legisladores provinciales y la dirigencia, posteriormente particip\u00f3 del acto organizado para un centenar de militantes que hace tiempo esperaba al expresidente de la naci\u00f3n. <strong>De cara a las legislativas 2025, el productor alvearense coincidi\u00f3 con Macr\u00ed en que el PRO es la propuesta alternativa que demandan todos los mendocinos, es el punto medio donde se detiene el p\u00e9ndulo pol\u00edtico.<\/strong><\/span><\/p>\n<p><em><strong><span style=\"color: #000000;\">\u201cEl espacio viene trabajando firme y comprometido en la legislatura; aqu\u00ed en Alvear quienes integramos el Grupo Liberador nunca dejamos de involucrarnos en las problem\u00e1ticas del agro, como as\u00ed tambi\u00e9n, en la defensa de los bienes comunes como el agua. Nuestra concepci\u00f3n de la pol\u00edtica siempre fue clara, se busca transformar la realidad m\u00e1s inmediata de los ciudadanos y esto no se negocia por kiosquitos y <\/span><\/strong><\/em><br \/>\n<span style=\"color: #000000;\"><em><strong>apetencias personales\u201d<\/strong><\/em>, enfatiz\u00f3. <\/span><\/p>\n<p><span style=\"color: #000000;\">Con respecto a las elecciones que se aproximan, L\u00f3pez coment\u00f3: <strong><em>\u201cPude dialogar con Macr\u00ed, me manifest\u00f3 que es conocedor de c\u00f3mo estamos trabajando en Alvear. Le hice saber que vamos a jugar fuerte y \u00e9l nos brind\u00f3 todo su apoyo, como lo hace Pradines\u201d. <\/em><\/strong><\/span><\/p>\n<p><span style=\"color: #000000;\">Podr\u00e1n faltar unos meses para llegar a las urnas, a\u00fan as\u00ed L\u00f3pez dej\u00f3 en claro que ir\u00e1n por bancas para representar realmente a los alvearenses. <\/span><\/p>\n","protected":false},"excerpt":{"rendered":"<p>El viernes pasado el presidente del PRO Nacional, Mauricio Macri, visit\u00f3 Mendoza y dej\u00f3 claro su apoyo para quien comanda el &#8230;<\/p>\n","protected":false},"author":7,"featured_media":146891,"comment_status":"open","ping_status":"open","sticky":false,"template":"","format":"standard","meta":{"footnotes":""},"categories":[5,7],"tags":[],"class_list":["post-146889","post","type-post","status-publish","format-standard","has-post-thumbnail","hentry","category-actualidad","category-politica"],"_links":{"self":[{"href":"https:\/\/vinasfm.com\/noticias\/wp-json\/wp\/v2\/posts\/146889","targetHints":{"allow":["GET"]}}],"collection":[{"href":"https:\/\/vinasfm.com\/noticias\/wp-json\/wp\/v2\/posts"}],"about":[{"href":"https:\/\/vinasfm.com\/noticias\/wp-json\/wp\/v2\/types\/post"}],"author":[{"embeddable":true,"href":"https:\/\/vinasfm.com\/noticias\/wp-json\/wp\/v2\/users\/7"}],"replies":[{"embeddable":true,"href":"https:\/\/vinasfm.com\/noticias\/wp-json\/wp\/v2\/comments?post=146889"}],"version-history":[{"count":1,"href":"https:\/\/vinasfm.com\/noticias\/wp-json\/wp\/v2\/posts\/146889\/revisions"}],"predecessor-version":[{"id":146893,"href":"https:\/\/vinasfm.com\/noticias\/wp-json\/wp\/v2\/posts\/146889\/revisions\/146893"}],"wp:featuredmedia":[{"embeddable":true,"href":"https:\/\/vinasfm.com\/noticias\/wp-json\/wp\/v2\/media\/146891"}],"wp:attachment":[{"href":"https:\/\/vinasfm.com\/noticias\/wp-json\/wp\/v2\/media?parent=146889"}],"wp:term":[{"taxonomy":"category","embeddable":true,"href":"https:\/\/vinasfm.com\/noticias\/wp-json\/wp\/v2\/categories?post=146889"},{"taxonomy":"post_tag","embeddable":true,"href":"https:\/\/vinasfm.com\/noticias\/wp-json\/wp\/v2\/tags?post=146889"}],"curies":[{"name":"wp","href":"https:\/\/api.w.org\/{rel}","templated":true}]}}