{"id":146841,"date":"2025-04-14T11:27:57","date_gmt":"2025-04-14T14:27:57","guid":{"rendered":"https:\/\/vinasfm.com\/noticias\/?p=146841"},"modified":"2025-04-15T09:45:36","modified_gmt":"2025-04-15T12:45:36","slug":"el-gobierno-firmo-un-acuerdo-con-las-estaciones-de-servicio-de-mendoza-de-que-se-trata","status":"publish","type":"post","link":"https:\/\/vinasfm.com\/noticias\/el-gobierno-firmo-un-acuerdo-con-las-estaciones-de-servicio-de-mendoza-de-que-se-trata\/","title":{"rendered":"EL GOBIERNO FIRM\u00d3 UN ACUERDO CON LAS ESTACIONES DE SERVICIO DE MENDOZA: DE QU\u00c9 SE TRATA"},"content":{"rendered":"<h4>El\u00a0<strong>Gobierno de Mendoza<\/strong>\u00a0firm\u00f3 un acuerdo con la Asociaci\u00f3n Mendocina de Expendedores de Nafta y Afines (<strong>AMENA<\/strong>) de la provincia de Mendoza. Se trata de un convenio mediante el cual las\u00a0<strong>estaciones de servicio<\/strong>\u00a0deber\u00e1n aportar con su infraestructura de videovigilancia ante casos de inseguridad. Se hizo oficial a trav\u00e9s del\u00a0<strong>decreto 566.<\/strong><\/h4>\n<p>El Ministerio de Seguridad estableci\u00f3, durante el 2024, una medida por la cual los establecimientos privados pod\u00edan aportar a trav\u00e9s de sus\u00a0<strong>c\u00e1maras de seguridad<\/strong>\u00a0los videos en caso de que en las intersecciones donde estuvieran ubicados sucedieran hechos de\u00a0<strong>inseguridad<\/strong>. Con esto se quiso lograr la integraci\u00f3n de los dispositivos privados que registren la\u00a0<strong>v\u00eda p\u00fablica\u00a0<\/strong>al sistema de\u00a0<strong>videovigilancia provincial.<\/strong><\/p>\n<p>En esta oportunidad, la ministra Mercedes Rus y el titular de AMENA, Isabelino Rodr\u00edguez, llegaron a un acuerdo para que las\u00a0<strong>c\u00e1maras de las estaciones de servicio\u00a0<\/strong>queden dentro del sistema de videovigilancia provincial.<\/p>\n<aside class=\"scaip scaip-1    \"><\/aside>\n<p>El acuerdo destaca que AMENA prest\u00f3 su consentimiento para el acuerdo y que el Ministerio de Seguridad evaluar\u00e1 la visibilidad t\u00e9cnica para que se integren los dispositivos al sistema.<\/p>\n<p>Por su parte, ser\u00e1n las estaciones de servicio las que deban realizar el mantenimiento de los dispositivos y deber\u00e1n informar al Gobierno en caso de que haya desuso de alguna de las c\u00e1maras, alg\u00fan problema t\u00e9cnico o baja del mismo.<\/p>\n<p>El monitoreo, seg\u00fan explic\u00f3 el Ministerio, no ser\u00e1 constante pero s\u00ed deber\u00e1 acudir a las c\u00e1maras en caso de que haya una\u00a0<strong>eventualidad\u00a0<\/strong>de abordaje espec\u00edfico.<\/p>\n<aside class=\"scaip scaip-2    \"><\/aside>\n<p>El acuerdo firmado es de cuatro a\u00f1os, que pueden ser prorrogados sin la necesidad de una notificaci\u00f3n. El decreto lleva la firma de\u00a0<strong>Alfredo Cornejo y de Mercedes Rus.<\/strong><\/p>\n","protected":false},"excerpt":{"rendered":"<p>El\u00a0Gobierno de Mendoza\u00a0firm\u00f3 un acuerdo con la Asociaci\u00f3n Mendocina de Expendedores de Nafta y Afines (AMENA) de la provincia de Mendoza. &#8230;<\/p>\n","protected":false},"author":7,"featured_media":130906,"comment_status":"open","ping_status":"open","sticky":false,"template":"","format":"standard","meta":{"footnotes":""},"categories":[5,10],"tags":[],"class_list":["post-146841","post","type-post","status-publish","format-standard","has-post-thumbnail","hentry","category-actualidad","category-destacadas"],"_links":{"self":[{"href":"https:\/\/vinasfm.com\/noticias\/wp-json\/wp\/v2\/posts\/146841","targetHints":{"allow":["GET"]}}],"collection":[{"href":"https:\/\/vinasfm.com\/noticias\/wp-json\/wp\/v2\/posts"}],"about":[{"href":"https:\/\/vinasfm.com\/noticias\/wp-json\/wp\/v2\/types\/post"}],"author":[{"embeddable":true,"href":"https:\/\/vinasfm.com\/noticias\/wp-json\/wp\/v2\/users\/7"}],"replies":[{"embeddable":true,"href":"https:\/\/vinasfm.com\/noticias\/wp-json\/wp\/v2\/comments?post=146841"}],"version-history":[{"count":1,"href":"https:\/\/vinasfm.com\/noticias\/wp-json\/wp\/v2\/posts\/146841\/revisions"}],"predecessor-version":[{"id":146847,"href":"https:\/\/vinasfm.com\/noticias\/wp-json\/wp\/v2\/posts\/146841\/revisions\/146847"}],"wp:featuredmedia":[{"embeddable":true,"href":"https:\/\/vinasfm.com\/noticias\/wp-json\/wp\/v2\/media\/130906"}],"wp:attachment":[{"href":"https:\/\/vinasfm.com\/noticias\/wp-json\/wp\/v2\/media?parent=146841"}],"wp:term":[{"taxonomy":"category","embeddable":true,"href":"https:\/\/vinasfm.com\/noticias\/wp-json\/wp\/v2\/categories?post=146841"},{"taxonomy":"post_tag","embeddable":true,"href":"https:\/\/vinasfm.com\/noticias\/wp-json\/wp\/v2\/tags?post=146841"}],"curies":[{"name":"wp","href":"https:\/\/api.w.org\/{rel}","templated":true}]}}