{"id":146839,"date":"2025-04-14T11:30:09","date_gmt":"2025-04-14T14:30:09","guid":{"rendered":"https:\/\/vinasfm.com\/noticias\/?p=146839"},"modified":"2025-04-15T09:45:01","modified_gmt":"2025-04-15T12:45:01","slug":"arte-en-las-plazas-un-domingo-de-cultura-y-musica-en-el-paraje-los-angeles","status":"publish","type":"post","link":"https:\/\/vinasfm.com\/noticias\/arte-en-las-plazas-un-domingo-de-cultura-y-musica-en-el-paraje-los-angeles\/","title":{"rendered":"ARTE EN LAS PLAZAS: UN DOMINGO DE CULTURA Y M\u00daSICA EN EL PARAJE \u00abLOS \u00c1NGELES\u00bb"},"content":{"rendered":"<h4>El pasado domingo, la actividad \u00abArte en las Plazas\u00bb se llev\u00f3 a cabo en la Escuela Cruz Roja Argentina, ubicada en el paraje Los \u00c1ngeles, en la intersecci\u00f3n de calle 19 y \u201c0\u201d del distrito de Bowen. Este evento, que busca llevar el arte a diferentes puntos del departamento, atrajo a numerosos vecinos de la zona.<\/h4>\n<p>La d<em>irectora de Cultura<\/em>, <span style=\"color: #003366;\"><strong>Mar\u00eda Delia Achetoni<\/strong><\/span>, expres\u00f3 su satisfacci\u00f3n por el cumplimiento de los objetivos del programa: <strong><em>\u201cLa verdad que, con Arte en las Plazas, el objetivo de que el arte llegara a los diferentes puntos del departamento se est\u00e1 cumpliendo. Este a\u00f1o volvemos a trabajar en los puntos que no pudimos llegar el a\u00f1o pasado\u201d<\/em><\/strong>. Achetoni destac\u00f3 que el espacio proporcionado por la escuela, un hermoso patio, permiti\u00f3 que la comunidad disfrutara de espect\u00e1culos circenses, actividades de la biblioteca y presentaciones musicales.<em><strong> \u201cEstamos muy contentos porque hay mucha gente que ha venido de la zona y que puede pasar un domingo distinto\u201d<\/strong><\/em>, a\u00f1adi\u00f3.<\/p>\n<p>La actividad est\u00e1 dise\u00f1ada como una alternativa familiar, donde no solo los ni\u00f1os, sino toda la familia puede disfrutar de los eventos. Achetoni invit\u00f3 a los vecinos a participar de las pr\u00f3ximas ediciones de <em>\u00abArte en la Plaza\u00bb<\/em>, que se llevar\u00e1n a cabo en diferentes localidades como<strong> Alvear Oeste, Carmensa, Los Ranqueles y Barrio Parque.<\/strong><\/p>\n<p><a href=\"https:\/\/vinasfm.com\/noticias\/wp-content\/uploads\/2025\/04\/Imagen-de-WhatsApp-2025-04-14-a-las-11.05.54_8d4fc5e2.jpg\"><img loading=\"lazy\" decoding=\"async\" class=\"alignnone wp-image-146845\" src=\"https:\/\/vinasfm.com\/noticias\/wp-content\/uploads\/2025\/04\/Imagen-de-WhatsApp-2025-04-14-a-las-11.05.54_8d4fc5e2-1024x682.jpg\" alt=\"\" width=\"350\" height=\"233\" srcset=\"https:\/\/vinasfm.com\/noticias\/wp-content\/uploads\/2025\/04\/Imagen-de-WhatsApp-2025-04-14-a-las-11.05.54_8d4fc5e2-1024x682.jpg 1024w, https:\/\/vinasfm.com\/noticias\/wp-content\/uploads\/2025\/04\/Imagen-de-WhatsApp-2025-04-14-a-las-11.05.54_8d4fc5e2-300x200.jpg 300w, https:\/\/vinasfm.com\/noticias\/wp-content\/uploads\/2025\/04\/Imagen-de-WhatsApp-2025-04-14-a-las-11.05.54_8d4fc5e2-768x512.jpg 768w, https:\/\/vinasfm.com\/noticias\/wp-content\/uploads\/2025\/04\/Imagen-de-WhatsApp-2025-04-14-a-las-11.05.54_8d4fc5e2-1536x1023.jpg 1536w, https:\/\/vinasfm.com\/noticias\/wp-content\/uploads\/2025\/04\/Imagen-de-WhatsApp-2025-04-14-a-las-11.05.54_8d4fc5e2.jpg 1600w\" sizes=\"auto, (max-width: 350px) 100vw, 350px\" \/><\/a> <a href=\"https:\/\/vinasfm.com\/noticias\/wp-content\/uploads\/2025\/04\/Imagen-de-WhatsApp-2025-04-14-a-las-11.05.54_665d04b6.jpg\"><img loading=\"lazy\" decoding=\"async\" class=\"alignnone wp-image-146846\" src=\"https:\/\/vinasfm.com\/noticias\/wp-content\/uploads\/2025\/04\/Imagen-de-WhatsApp-2025-04-14-a-las-11.05.54_665d04b6-1024x682.jpg\" alt=\"\" width=\"350\" height=\"233\" srcset=\"https:\/\/vinasfm.com\/noticias\/wp-content\/uploads\/2025\/04\/Imagen-de-WhatsApp-2025-04-14-a-las-11.05.54_665d04b6-1024x682.jpg 1024w, https:\/\/vinasfm.com\/noticias\/wp-content\/uploads\/2025\/04\/Imagen-de-WhatsApp-2025-04-14-a-las-11.05.54_665d04b6-300x200.jpg 300w, https:\/\/vinasfm.com\/noticias\/wp-content\/uploads\/2025\/04\/Imagen-de-WhatsApp-2025-04-14-a-las-11.05.54_665d04b6-768x512.jpg 768w, https:\/\/vinasfm.com\/noticias\/wp-content\/uploads\/2025\/04\/Imagen-de-WhatsApp-2025-04-14-a-las-11.05.54_665d04b6-1536x1023.jpg 1536w, https:\/\/vinasfm.com\/noticias\/wp-content\/uploads\/2025\/04\/Imagen-de-WhatsApp-2025-04-14-a-las-11.05.54_665d04b6.jpg 1600w\" sizes=\"auto, (max-width: 350px) 100vw, 350px\" \/><\/a><\/p>\n<p><strong><span style=\"color: #003366;\">Luis Gergeluk<\/span><\/strong>, <em>delegado de Bowen<\/em>, tambi\u00e9n comparti\u00f3 su opini\u00f3n sobre la importancia de estas actividades: <em><strong>\u201cEstamos contentos de que el arte venga a los distritos, especialmente a lugares donde es dif\u00edcil el acceso. Acercar estas actividades es muy importante para la comunidad\u201d.<\/strong><\/em> Gergeluk enfatiz\u00f3 la necesidad de descentralizar las actividades culturales, asegurando que todos los vecinos, sin importar su ubicaci\u00f3n, tengan acceso a ellas. <em><strong>\u201cEs un distrito grande y tenemos la gran tarea de acercar a los vecinos todas estas actividades en conjunto con la Direcci\u00f3n de Cultura y otras direcciones\u201d<\/strong><\/em>, afirm\u00f3.<\/p>\n<p>Entre los asistentes, <span style=\"color: #003366;\"><strong>Magdalena<\/strong><\/span>, una vecina de la zona, comparti\u00f3 su experiencia: <em><strong>\u201cPara m\u00ed es lindo, porque siempre he sido de la zona rural. He pasado momentos de alegr\u00eda aqu\u00ed, y ahora estamos disfrutando de un domingo diferente\u201d.<\/strong> <\/em>A pesar de haber dudado en asistir, fue animada por su familia a participar y se mostr\u00f3 encantada con el evento. <strong><em>\u201cUna comunidad peque\u00f1a, pero importante la de Los \u00c1ngeles\u201d<\/em><\/strong>, concluy\u00f3.<\/p>\n<p><a href=\"https:\/\/vinasfm.com\/noticias\/wp-content\/uploads\/2025\/04\/Imagen-de-WhatsApp-2025-04-14-a-las-11.05.52_f780489a.jpg\"><img loading=\"lazy\" decoding=\"async\" class=\"alignnone wp-image-146843\" src=\"https:\/\/vinasfm.com\/noticias\/wp-content\/uploads\/2025\/04\/Imagen-de-WhatsApp-2025-04-14-a-las-11.05.52_f780489a-1024x682.jpg\" alt=\"\" width=\"500\" height=\"333\" srcset=\"https:\/\/vinasfm.com\/noticias\/wp-content\/uploads\/2025\/04\/Imagen-de-WhatsApp-2025-04-14-a-las-11.05.52_f780489a-1024x682.jpg 1024w, https:\/\/vinasfm.com\/noticias\/wp-content\/uploads\/2025\/04\/Imagen-de-WhatsApp-2025-04-14-a-las-11.05.52_f780489a-300x200.jpg 300w, https:\/\/vinasfm.com\/noticias\/wp-content\/uploads\/2025\/04\/Imagen-de-WhatsApp-2025-04-14-a-las-11.05.52_f780489a-768x512.jpg 768w, https:\/\/vinasfm.com\/noticias\/wp-content\/uploads\/2025\/04\/Imagen-de-WhatsApp-2025-04-14-a-las-11.05.52_f780489a-1536x1023.jpg 1536w, https:\/\/vinasfm.com\/noticias\/wp-content\/uploads\/2025\/04\/Imagen-de-WhatsApp-2025-04-14-a-las-11.05.52_f780489a.jpg 1600w\" sizes=\"auto, (max-width: 500px) 100vw, 500px\" \/><\/a><\/p>\n<p><em>\u00abArte en las Plazas\u00bb<\/em> no solo promueve la cultura, sino que tambi\u00e9n fortalece los lazos comunitarios, convirti\u00e9ndose en un espacio de encuentro y disfrute para todos los vecinos. La iniciativa contin\u00faa demostrando su relevancia y compromiso con el acceso a la cultura en cada rinc\u00f3n del distrito.<\/p>\n","protected":false},"excerpt":{"rendered":"<p>El pasado domingo, la actividad \u00abArte en las Plazas\u00bb se llev\u00f3 a cabo en la Escuela Cruz Roja Argentina, ubicada en &#8230;<\/p>\n","protected":false},"author":7,"featured_media":146844,"comment_status":"open","ping_status":"open","sticky":false,"template":"","format":"standard","meta":{"footnotes":""},"categories":[19,11],"tags":[],"class_list":["post-146839","post","type-post","status-publish","format-standard","has-post-thumbnail","hentry","category-cultura","category-sociales"],"_links":{"self":[{"href":"https:\/\/vinasfm.com\/noticias\/wp-json\/wp\/v2\/posts\/146839","targetHints":{"allow":["GET"]}}],"collection":[{"href":"https:\/\/vinasfm.com\/noticias\/wp-json\/wp\/v2\/posts"}],"about":[{"href":"https:\/\/vinasfm.com\/noticias\/wp-json\/wp\/v2\/types\/post"}],"author":[{"embeddable":true,"href":"https:\/\/vinasfm.com\/noticias\/wp-json\/wp\/v2\/users\/7"}],"replies":[{"embeddable":true,"href":"https:\/\/vinasfm.com\/noticias\/wp-json\/wp\/v2\/comments?post=146839"}],"version-history":[{"count":3,"href":"https:\/\/vinasfm.com\/noticias\/wp-json\/wp\/v2\/posts\/146839\/revisions"}],"predecessor-version":[{"id":146848,"href":"https:\/\/vinasfm.com\/noticias\/wp-json\/wp\/v2\/posts\/146839\/revisions\/146848"}],"wp:featuredmedia":[{"embeddable":true,"href":"https:\/\/vinasfm.com\/noticias\/wp-json\/wp\/v2\/media\/146844"}],"wp:attachment":[{"href":"https:\/\/vinasfm.com\/noticias\/wp-json\/wp\/v2\/media?parent=146839"}],"wp:term":[{"taxonomy":"category","embeddable":true,"href":"https:\/\/vinasfm.com\/noticias\/wp-json\/wp\/v2\/categories?post=146839"},{"taxonomy":"post_tag","embeddable":true,"href":"https:\/\/vinasfm.com\/noticias\/wp-json\/wp\/v2\/tags?post=146839"}],"curies":[{"name":"wp","href":"https:\/\/api.w.org\/{rel}","templated":true}]}}