{"id":146825,"date":"2025-04-14T11:20:27","date_gmt":"2025-04-14T14:20:27","guid":{"rendered":"https:\/\/vinasfm.com\/noticias\/?p=146825"},"modified":"2025-04-15T08:40:18","modified_gmt":"2025-04-15T11:40:18","slug":"semana-santa-en-alvear-fe-y-gran-participacion-en-el-domingo-de-ramos","status":"publish","type":"post","link":"https:\/\/vinasfm.com\/noticias\/semana-santa-en-alvear-fe-y-gran-participacion-en-el-domingo-de-ramos\/","title":{"rendered":"SEMANA SANTA EN ALVEAR: FE Y GRAN PARTICIPACI\u00d3N EN EL DOMINGO DE RAMOS"},"content":{"rendered":"<h4 data-sourcepos=\"3:1-3:483\"><span style=\"color: #000000;\">Una multitudinaria concurrencia marc\u00f3 el inicio de la Semana Santa, con la tradicional celebraci\u00f3n del Domingo de Ramos.<\/span><\/h4>\n<p data-sourcepos=\"3:1-3:483\"><span style=\"color: #000000;\">El P\u00e1rroco de la Parroquia Sagrado Coraz\u00f3n de Jes\u00fas, <strong><span style=\"color: #003366;\">Horacio Valdivia<\/span><\/strong>, expres\u00f3 su emoci\u00f3n ante la masiva participaci\u00f3n de los fieles, destacando el profundo significado de la Bendici\u00f3n de Ramos como s\u00edmbolo de la entrada triunfal de Jes\u00fas en Jerusal\u00e9n, preludio de su Pasi\u00f3n, Muerte y Resurrecci\u00f3n.<\/span><\/p>\n<p data-sourcepos=\"5:1-5:229\"><span style=\"color: #000000;\"><em><strong>\u00abSiempre el Domingo de Ramos es un momento muy fuerte dentro de nuestra fe, un puntapi\u00e9 inicial de la Semana Santa donde la gente se acerca por el fuerte signo de la Bendici\u00f3n de Ramos\u00bb<\/strong><\/em>, coment\u00f3 el Padre Valdivia.<\/span><\/p>\n<p data-sourcepos=\"7:1-7:742\"><span style=\"color: #000000;\">El Vicario tambi\u00e9n detall\u00f3 los momentos centrales del Triduo Pascual, invitando especialmente a la comunidad a participar <strong>del Jueves Santo. La celebraci\u00f3n, que tendr\u00e1 lugar a las 20:00 horas en la Parrroquia Santa Cruz<\/strong>, conmemorar\u00e1 la \u00daltima Cena de Jes\u00fas con sus ap\u00f3stoles, la instituci\u00f3n de la Eucarist\u00eda y el mandamiento del amor. Un gesto significativo de esta liturgia ser\u00e1 el lavatorio de pies, recordando el servicio y la humildad de Jes\u00fas. <em><strong>\u00abQuiero especialmente invitar a la gente para que participe, porque en esa celebraci\u00f3n hay un gesto muy fuerte que nos identifica como cristianos: Jes\u00fas lav\u00e1ndole los pies a sus ap\u00f3stoles\u00bb<\/strong><\/em>, explic\u00f3 el P\u00e1rroco.<\/span><\/p>\n<p><span style=\"color: #000000;\">Como es tradici\u00f3n, la noche del Jueves Santo se realizar\u00e1 la <strong>visita a los siete monumentos<\/strong>. Este a\u00f1o, la di\u00f3cesis ha organizado un circuito especial en el centro de la ciudad para facilitar la participaci\u00f3n de los fieles. Las siete iglesias que albergar\u00e1n los monumentos y permanecer\u00e1n abiertas hasta las 02:00 del viernes son: <em>Capilla de Santa Rita, Centro Pastoral Antonia Mar\u00eda Verna, Capilla de Nuestra Se\u00f1ora del Rosario, Capilla del Instituto San Antonio, Parroquia Nuestra Se\u00f1ora de F\u00e1tima, Parroquia San Jos\u00e9 y Parroquia Sagrado Coraz\u00f3n de Jes\u00fas.<\/em><\/span><\/p>\n<p data-sourcepos=\"11:1-11:615\"><span style=\"color: #000000;\">En cuanto al <strong>Viernes Santo<\/strong>, d\u00eda de la Pasi\u00f3n y Muerte de Jes\u00fas, el P\u00e1rroco record\u00f3 que es un d\u00eda de <strong>ayuno y abstinencia de carne<\/strong> para los cat\u00f3licos entre 18:00 y 59:00 a\u00f1os. Subray\u00f3 que estos gestos exteriores deben <em><strong>\u00abreflejar un deseo interior de unirse al sufrimiento del Se\u00f1or como un peque\u00f1o sacrificio personal\u00bb<\/strong><\/em>. La celebraci\u00f3n de la Pasi\u00f3n del Se\u00f1or se llevar\u00e1 a cabo a las <strong>15:00 horas. <\/strong>Por la noche, a las <strong>20:00 horas<\/strong>, se realizar\u00e1 el tradicional <strong>V\u00eda Crucis<\/strong> desde el kil\u00f3metro cero hasta la plaza central, acompa\u00f1ando a Jes\u00fas en su camino hacia la crucifixi\u00f3n.<\/span><\/p>\n<p data-sourcepos=\"13:1-13:501\"><span style=\"color: #000000;\">El <strong>S\u00e1bado Santo<\/strong> ser\u00e1 un d\u00eda de espera y reflexi\u00f3n, culminando con la <strong>Vigilia Pascual<\/strong> a las <strong>20:00 horas<\/strong>. La ceremonia, <strong>que comenzar\u00e1 en la oscuridad con el encendido del Cirio Pascual, simbolizar\u00e1 la Resurrecci\u00f3n de Cristo como luz del mundo<\/strong>.<em><strong> \u00abEl signo m\u00e1s fuerte all\u00ed es la luz, por eso toda la gente viene con una velita. La celebraci\u00f3n empieza afuera, se enciende un el Cirio Pascual y de all\u00ed todos tomamos luz que simboliza a &#8216;Jes\u00fas, luz del mundo'\u00bb<\/strong><\/em>, detall\u00f3 el Vicario.<\/span><\/p>\n<p data-sourcepos=\"15:1-15:211\"><span style=\"color: #000000;\">Finalmente, el <strong>Domingo de Pascua<\/strong> celebrar\u00e1 la Resurrecci\u00f3n del Se\u00f1or con misas en los horarios habituales: 08:00, 10:30 y 20:00 horas. Ser\u00e1 un d\u00eda de alegr\u00eda y j\u00fabilo, donde se cantar\u00e1 el Gloria y el Aleluya.<\/span><\/p>\n<p data-sourcepos=\"19:1-19:354\"><span style=\"color: #000000;\">El P\u00e1rroco concluy\u00f3 invitando a toda la comunidad a participar activamente de las celebraciones de Semana Santa, recordando que la parroquia local es una iglesia jubilar, lo que a\u00f1ade una gracia especial a este tiempo de profunda reflexi\u00f3n y fe. <strong><em>\u00abInvito a la comunidad a que participe, la Semana Santa es nuestra gran semana\u00bb<\/em><\/strong>, finaliz\u00f3 el Padre Valdivia.<\/span><\/p>\n","protected":false},"excerpt":{"rendered":"<p>Una multitudinaria concurrencia marc\u00f3 el inicio de la Semana Santa, con la tradicional celebraci\u00f3n del Domingo de Ramos. El P\u00e1rroco de &#8230;<\/p>\n","protected":false},"author":7,"featured_media":146837,"comment_status":"open","ping_status":"open","sticky":false,"template":"","format":"standard","meta":{"footnotes":""},"categories":[63,11],"tags":[],"class_list":["post-146825","post","type-post","status-publish","format-standard","has-post-thumbnail","hentry","category-iglesia","category-sociales"],"_links":{"self":[{"href":"https:\/\/vinasfm.com\/noticias\/wp-json\/wp\/v2\/posts\/146825","targetHints":{"allow":["GET"]}}],"collection":[{"href":"https:\/\/vinasfm.com\/noticias\/wp-json\/wp\/v2\/posts"}],"about":[{"href":"https:\/\/vinasfm.com\/noticias\/wp-json\/wp\/v2\/types\/post"}],"author":[{"embeddable":true,"href":"https:\/\/vinasfm.com\/noticias\/wp-json\/wp\/v2\/users\/7"}],"replies":[{"embeddable":true,"href":"https:\/\/vinasfm.com\/noticias\/wp-json\/wp\/v2\/comments?post=146825"}],"version-history":[{"count":3,"href":"https:\/\/vinasfm.com\/noticias\/wp-json\/wp\/v2\/posts\/146825\/revisions"}],"predecessor-version":[{"id":146838,"href":"https:\/\/vinasfm.com\/noticias\/wp-json\/wp\/v2\/posts\/146825\/revisions\/146838"}],"wp:featuredmedia":[{"embeddable":true,"href":"https:\/\/vinasfm.com\/noticias\/wp-json\/wp\/v2\/media\/146837"}],"wp:attachment":[{"href":"https:\/\/vinasfm.com\/noticias\/wp-json\/wp\/v2\/media?parent=146825"}],"wp:term":[{"taxonomy":"category","embeddable":true,"href":"https:\/\/vinasfm.com\/noticias\/wp-json\/wp\/v2\/categories?post=146825"},{"taxonomy":"post_tag","embeddable":true,"href":"https:\/\/vinasfm.com\/noticias\/wp-json\/wp\/v2\/tags?post=146825"}],"curies":[{"name":"wp","href":"https:\/\/api.w.org\/{rel}","templated":true}]}}