{"id":146780,"date":"2025-04-13T14:35:10","date_gmt":"2025-04-13T17:35:10","guid":{"rendered":"https:\/\/vinasfm.com\/noticias\/?p=146780"},"modified":"2025-04-14T09:45:09","modified_gmt":"2025-04-14T12:45:09","slug":"conductor-ebrio-fue-detenido-por-dormir-en-el-interior-de-su-vehiculo-en-la-via-publica","status":"publish","type":"post","link":"https:\/\/vinasfm.com\/noticias\/conductor-ebrio-fue-detenido-por-dormir-en-el-interior-de-su-vehiculo-en-la-via-publica\/","title":{"rendered":"CONDUCTOR EBRIO FUE DETENIDO POR DORMIR EN EL INTERIOR DE SU VEH\u00cdCULO, EN LA V\u00cdA P\u00daBLICA"},"content":{"rendered":"<h4>Un hombre de 42 a\u00f1os fue aprehendido este s\u00e1bado tras ser encontrado dormido al volante de su camioneta en la intersecci\u00f3n de calles San Juan y Av. Libertador Sur.<\/h4>\n<p>El incidente ocurri\u00f3 <strong>cuando una operadora del Centro Estrat\u00e9gico de Operaciones (CEO) alert\u00f3 a la polic\u00eda sobre la presencia de una camioneta Volkswagen Amarok negra detenida sobre el sem\u00e1foro durante varios minutos.<\/strong><\/p>\n<p>Al llegar al lugar, personal de la Comisar\u00eda 14\u00b0 <strong>constat\u00f3 la situaci\u00f3n, encontrando el veh\u00edculo con el motor y las luces encendidas y a su conductor dormido en el interior.<\/strong><\/p>\n<p>El hombre, <strong>identificado como H.A. P. de 42 a\u00f1os, fue despertado con dificultad por los efectivos policiales.<\/strong> Seg\u00fan el informe policial, <strong>presentaba un marcado aliento et\u00edlico y dificultad para hablar, aunque insisti\u00f3 en que solo se hab\u00eda quedado dormido.<\/strong><\/p>\n<p>Ante la evidencia, se solicit\u00f3 la presencia de personal de Polic\u00eda Vial, quienes realizaron el test de alcoholemia al conductor. <strong>La prueba arroj\u00f3 un resultado de 1,33 gramos de alcohol por litro de sangre, superando ampliamente el l\u00edmite permitido.<\/strong><\/p>\n<p>Como consecuencia, H.A. P. fue aprehendido en el lugar y trasladado a las dependencias de la Comisar\u00eda 14\u00b0 de General Alvear, donde se labraron las actuaciones correspondientes por conducir en estado de ebriedad.<\/p>\n","protected":false},"excerpt":{"rendered":"<p>Un hombre de 42 a\u00f1os fue aprehendido este s\u00e1bado tras ser encontrado dormido al volante de su camioneta en la intersecci\u00f3n &#8230;<\/p>\n","protected":false},"author":7,"featured_media":146784,"comment_status":"open","ping_status":"open","sticky":false,"template":"","format":"standard","meta":{"footnotes":""},"categories":[4,56],"tags":[],"class_list":["post-146780","post","type-post","status-publish","format-standard","has-post-thumbnail","hentry","category-policiales","category-seguridad-vial"],"_links":{"self":[{"href":"https:\/\/vinasfm.com\/noticias\/wp-json\/wp\/v2\/posts\/146780","targetHints":{"allow":["GET"]}}],"collection":[{"href":"https:\/\/vinasfm.com\/noticias\/wp-json\/wp\/v2\/posts"}],"about":[{"href":"https:\/\/vinasfm.com\/noticias\/wp-json\/wp\/v2\/types\/post"}],"author":[{"embeddable":true,"href":"https:\/\/vinasfm.com\/noticias\/wp-json\/wp\/v2\/users\/7"}],"replies":[{"embeddable":true,"href":"https:\/\/vinasfm.com\/noticias\/wp-json\/wp\/v2\/comments?post=146780"}],"version-history":[{"count":4,"href":"https:\/\/vinasfm.com\/noticias\/wp-json\/wp\/v2\/posts\/146780\/revisions"}],"predecessor-version":[{"id":146786,"href":"https:\/\/vinasfm.com\/noticias\/wp-json\/wp\/v2\/posts\/146780\/revisions\/146786"}],"wp:featuredmedia":[{"embeddable":true,"href":"https:\/\/vinasfm.com\/noticias\/wp-json\/wp\/v2\/media\/146784"}],"wp:attachment":[{"href":"https:\/\/vinasfm.com\/noticias\/wp-json\/wp\/v2\/media?parent=146780"}],"wp:term":[{"taxonomy":"category","embeddable":true,"href":"https:\/\/vinasfm.com\/noticias\/wp-json\/wp\/v2\/categories?post=146780"},{"taxonomy":"post_tag","embeddable":true,"href":"https:\/\/vinasfm.com\/noticias\/wp-json\/wp\/v2\/tags?post=146780"}],"curies":[{"name":"wp","href":"https:\/\/api.w.org\/{rel}","templated":true}]}}