{"id":146776,"date":"2025-04-13T11:23:12","date_gmt":"2025-04-13T14:23:12","guid":{"rendered":"https:\/\/vinasfm.com\/noticias\/?p=146776"},"modified":"2025-04-14T10:06:23","modified_gmt":"2025-04-14T13:06:23","slug":"un-joven-de-26-anos-perdio-la-vida-en-un-fatal-accidente-hay-otra-joven-con-graves-heridas","status":"publish","type":"post","link":"https:\/\/vinasfm.com\/noticias\/un-joven-de-26-anos-perdio-la-vida-en-un-fatal-accidente-hay-otra-joven-con-graves-heridas\/","title":{"rendered":"UN JOVEN DE 26 A\u00d1OS PERDI\u00d3 LA VIDA EN UN FATAL ACCIDENTE, HAY OTRA JOVEN CON GRAVES HERIDAS"},"content":{"rendered":"<h4>El hecho se produjo en la ma\u00f1ana del domingo, promediando las 06:40 horas, en inmediaciones de Ruta 188 y Calle 7.<\/h4>\n<p>En el lugar, un autom\u00f3vil marca Ford Fiesta, conducido por <strong>un masculino de 24 a\u00f1os identificado como Francisco Mart\u00ednez, con domicilio en Catriel, R\u00edo Negro; embisti\u00f3 a dos peatones que circulaban por la banquina norte, en la misma direcci\u00f3n, sobre Ruta Nacional 188.<\/strong><\/p>\n<p>Como consecuencia del siniestro <strong>Francisco Cruz (26) falleci\u00f3 en el lugar producto del impacto, mientras que Yesica Gatica (18) fue trasladada de urgencia al Hospital Enfermeros Argentinos<\/strong>, donde fue asistida por el equipo m\u00e9dico con <strong>diagn\u00f3stico de politraumatismos graves, desplazamiento cervical y estallido de cr\u00e1neo, quedando en estado cr\u00edtico.<\/strong><\/p>\n<p>Debido a la gravedad de las lesiones, <strong>el personal m\u00e9dico dispuso la derivaci\u00f3n inmediata al Hospital Schestakow de San Rafael, y a posterior, se gestion\u00f3 el traslado a\u00e9reo sanitario hacia el Hospital Central de Mendoza, a fin de continuar con una atenci\u00f3n de mayor complejidad. El operativo de traslado se realizar\u00e1 en helic\u00f3ptero sanitario.<\/strong><\/p>\n<p>Otros tres peatones tambi\u00e9n resultaron alcanzados por el veh\u00edculo, dos j\u00f3venes de 24 y 25 a\u00f1os no presentaron lesiones y un menor de 17 a\u00f1os sufri\u00f3 lesiones y fue trasladado al Hospital Enfermeros Argentinos. <strong>Estos tres \u00faltimos se hab\u00edan retirado del lugar antes del arribo del personal policial, y fueron localizados y entrevistados posteriormente.<\/strong><\/p>\n<p>El conductor del rodado fue trasladado por personal de Cuerpos Especiales hasta el Hospital Enfermeros Argentinos, donde <strong>se le diagnosticaron politraumatismos leves y qued\u00f3 internado con custodia policial.<\/strong><\/p>\n<p><strong>Se le realiz\u00f3 el test de alcoholemia, arrojando un resultado de 2.14 g\/l de alcohol en sangre.<\/strong><\/p>\n<p>La investigaci\u00f3n del hecho se encuentra en curso bajo intervenci\u00f3n de la Comisar\u00eda 14\u00b0 de General Alvear.<\/p>\n","protected":false},"excerpt":{"rendered":"<p>El hecho se produjo en la ma\u00f1ana del domingo, promediando las 06:40 horas, en inmediaciones de Ruta 188 y Calle 7. &#8230;<\/p>\n","protected":false},"author":7,"featured_media":146804,"comment_status":"open","ping_status":"open","sticky":false,"template":"","format":"standard","meta":{"footnotes":""},"categories":[4,184],"tags":[],"class_list":["post-146776","post","type-post","status-publish","format-standard","has-post-thumbnail","hentry","category-policiales","category-siniestro-vial"],"_links":{"self":[{"href":"https:\/\/vinasfm.com\/noticias\/wp-json\/wp\/v2\/posts\/146776","targetHints":{"allow":["GET"]}}],"collection":[{"href":"https:\/\/vinasfm.com\/noticias\/wp-json\/wp\/v2\/posts"}],"about":[{"href":"https:\/\/vinasfm.com\/noticias\/wp-json\/wp\/v2\/types\/post"}],"author":[{"embeddable":true,"href":"https:\/\/vinasfm.com\/noticias\/wp-json\/wp\/v2\/users\/7"}],"replies":[{"embeddable":true,"href":"https:\/\/vinasfm.com\/noticias\/wp-json\/wp\/v2\/comments?post=146776"}],"version-history":[{"count":5,"href":"https:\/\/vinasfm.com\/noticias\/wp-json\/wp\/v2\/posts\/146776\/revisions"}],"predecessor-version":[{"id":146814,"href":"https:\/\/vinasfm.com\/noticias\/wp-json\/wp\/v2\/posts\/146776\/revisions\/146814"}],"wp:featuredmedia":[{"embeddable":true,"href":"https:\/\/vinasfm.com\/noticias\/wp-json\/wp\/v2\/media\/146804"}],"wp:attachment":[{"href":"https:\/\/vinasfm.com\/noticias\/wp-json\/wp\/v2\/media?parent=146776"}],"wp:term":[{"taxonomy":"category","embeddable":true,"href":"https:\/\/vinasfm.com\/noticias\/wp-json\/wp\/v2\/categories?post=146776"},{"taxonomy":"post_tag","embeddable":true,"href":"https:\/\/vinasfm.com\/noticias\/wp-json\/wp\/v2\/tags?post=146776"}],"curies":[{"name":"wp","href":"https:\/\/api.w.org\/{rel}","templated":true}]}}