{"id":146773,"date":"2025-04-12T11:59:39","date_gmt":"2025-04-12T14:59:39","guid":{"rendered":"https:\/\/vinasfm.com\/noticias\/?p=146773"},"modified":"2025-04-12T11:59:39","modified_gmt":"2025-04-12T14:59:39","slug":"detuvieron-a-los-duenos-de-la-constructura-marquez-y-entre-los-afectados-se-encuentran-familias-mendocinas","status":"publish","type":"post","link":"https:\/\/vinasfm.com\/noticias\/detuvieron-a-los-duenos-de-la-constructura-marquez-y-entre-los-afectados-se-encuentran-familias-mendocinas\/","title":{"rendered":"DETUVIERON A LOS DUE\u00d1OS DE LA CONSTRUCTURA M\u00c1RQUEZ Y ENTRE LOS AFECTADOS SE ENCUENTRAN FAMILIAS MENDOCINAS"},"content":{"rendered":"<h4><strong>La Justicia de C\u00f3rdoba investiga una presunta estafa millonaria que involucra a m\u00e1s de 1.000 damnificados en varias provincias, entre ellas Mendoza.<\/strong><\/h4>\n<article class=\"article-body first\">\n<div class=\"article-content\">\n<div class=\"cuerpo\" data-twitter-link=\"\">\n<p>Los socios de la reconocida\u00a0<a href=\"https:\/\/www.diariouno.com.ar\/constructora-a193671\" target=\"_blank\" rel=\"follow noopener\"><strong>constructora\u00a0<\/strong><\/a>\u00abGrupo M\u00e1rquez y Asociados\u00bb oriundos de\u00a0<a href=\"https:\/\/www.diariouno.com.ar\/tags\/cordoba\" target=\"_blank\" rel=\"follow noopener\">C\u00f3rdoba<\/a>\u00a0fueron detenidos en esa provincia y acusados de liderar un esquema de\u00a0<a href=\"https:\/\/www.diariouno.com.ar\/tags\/estafas\" target=\"_blank\" rel=\"follow noopener\">estafas\u00a0<\/a>reiteradas. Entre los damnificados hay familias de Mendoza que contrataron a la empresa para cumplir el sue\u00f1o de tener su casa propia.<\/p>\n<\/div>\n<\/div>\n<\/article>\n<article class=\"article-body\">\n<div class=\"article-content\">\n<div class=\"cuerpo\" data-twitter-link=\"\">\n<p>Los\u00a0<strong>detenidos<\/strong>\u00a0son los tres\u00a0<strong>hermanos due\u00f1os\u00a0<\/strong>de la firma y el\u00a0<strong>contador<\/strong>\u00a0de la empresa, seg\u00fan publicaron varios medios cordobeses como la Voz del Interior, Hoy D\u00eda C\u00f3rdoba y el El Doce TV, entre otros.<\/p>\n<p>Este s\u00e1bado se concretaron varios\u00a0<strong>allanamientos<\/strong>\u00a0en la<strong>\u00a0constructora<\/strong>.<\/p>\n<article class=\"article-body third-p\">\n<div class=\"article-content\">\n<div class=\"cuerpo\" data-twitter-link=\"\">\n<h2>Promesas de viviendas de la constructora que denuncian los damnificados<\/h2>\n<p>La modalidad con la que operaba la<strong>\u00a0constructora<\/strong>\u00a0M\u00e1rquez y Asociados se presentaba como una oportunidad \u00fanica:\u00a0<strong>viviendas<\/strong>\u00a0nuevas en apenas 12 meses, con un sistema de pagos accesibles y una fuerte campa\u00f1a de venta directa.<\/p>\n<p>Sin embargo, tras los allanamientos realizados este s\u00e1bado en distintos domicilios de C\u00f3rdoba capital y Villa Allende, los investigadores sostienen que se trataba de un esquema que utilizaba el dinero de nuevos clientes para cumplir con contratos anteriores.<\/p>\n<p>Este mecanismo derivaba en demoras o directamente en la imposibilidad de entregar las<strong>\u00a0viviendas<\/strong>\u00a0prometidas. A medida que se sumaban los reclamos, aumentaba la sospecha de una\u00a0<strong>estafa\u00a0<\/strong>sistem\u00e1tica, que ahora investiga la Justicia provincial.<\/p>\n<h2>Detenciones, barrios exclusivos y m\u00e1s de mil posibles damnificados<\/h2>\n<p>Los principales responsables de la\u00a0<strong>constructora<\/strong>\u00a0fueron detenidos durante la madrugada del s\u00e1bado. Se trata de Juan Pablo, Mat\u00edas, Lucas y Ariel M\u00e1rquez, adem\u00e1s del contador de la firma, Ramiro Nieva. Todos fueron arrestados en operativos simult\u00e1neos realizados en barrios privados del noroeste cordob\u00e9s, como Villa Allende Golf, Loma de la Carolina y Arbolada Hollywood.<\/p>\n<p>Las denuncias contra la empresa no s\u00f3lo provienen de C\u00f3rdoba. Hay registros de casos similares en<strong>\u00a0Mendoza<\/strong>, Santa Fe, La Rioja, Santiago del Estero y Neuqu\u00e9n.<\/p>\n<p>En todos ellos, los relatos se repiten: familias que entregaron dinero con la esperanza de recibir su\u00a0<strong>vivienda\u00a0<\/strong>en un a\u00f1o y que, pasado ese tiempo, no obtuvieron ni la vivienda ni una respuesta clara. Se estima que los damnificados podr\u00edan superar el millar.<\/p>\n<p>El caso de la\u00a0<strong>constructora<\/strong>\u00a0M\u00e1rquez y Asociados se perfila como una megacausa de\u00a0<strong>estafas\u00a0<\/strong>reiteradas a lo largo del pa\u00eds.<\/p>\n<\/div>\n<\/div>\n<\/article>\n<div class=\"banner-libre\"><\/div>\n<\/div>\n<\/div>\n<\/article>\n","protected":false},"excerpt":{"rendered":"<p>La Justicia de C\u00f3rdoba investiga una presunta estafa millonaria que involucra a m\u00e1s de 1.000 damnificados en varias provincias, entre ellas &#8230;<\/p>\n","protected":false},"author":7,"featured_media":146774,"comment_status":"open","ping_status":"open","sticky":false,"template":"","format":"standard","meta":{"footnotes":""},"categories":[1],"tags":[],"class_list":["post-146773","post","type-post","status-publish","format-standard","has-post-thumbnail","hentry","category-fmvinas"],"_links":{"self":[{"href":"https:\/\/vinasfm.com\/noticias\/wp-json\/wp\/v2\/posts\/146773","targetHints":{"allow":["GET"]}}],"collection":[{"href":"https:\/\/vinasfm.com\/noticias\/wp-json\/wp\/v2\/posts"}],"about":[{"href":"https:\/\/vinasfm.com\/noticias\/wp-json\/wp\/v2\/types\/post"}],"author":[{"embeddable":true,"href":"https:\/\/vinasfm.com\/noticias\/wp-json\/wp\/v2\/users\/7"}],"replies":[{"embeddable":true,"href":"https:\/\/vinasfm.com\/noticias\/wp-json\/wp\/v2\/comments?post=146773"}],"version-history":[{"count":1,"href":"https:\/\/vinasfm.com\/noticias\/wp-json\/wp\/v2\/posts\/146773\/revisions"}],"predecessor-version":[{"id":146775,"href":"https:\/\/vinasfm.com\/noticias\/wp-json\/wp\/v2\/posts\/146773\/revisions\/146775"}],"wp:featuredmedia":[{"embeddable":true,"href":"https:\/\/vinasfm.com\/noticias\/wp-json\/wp\/v2\/media\/146774"}],"wp:attachment":[{"href":"https:\/\/vinasfm.com\/noticias\/wp-json\/wp\/v2\/media?parent=146773"}],"wp:term":[{"taxonomy":"category","embeddable":true,"href":"https:\/\/vinasfm.com\/noticias\/wp-json\/wp\/v2\/categories?post=146773"},{"taxonomy":"post_tag","embeddable":true,"href":"https:\/\/vinasfm.com\/noticias\/wp-json\/wp\/v2\/tags?post=146773"}],"curies":[{"name":"wp","href":"https:\/\/api.w.org\/{rel}","templated":true}]}}