{"id":146746,"date":"2025-04-11T11:41:41","date_gmt":"2025-04-11T14:41:41","guid":{"rendered":"https:\/\/vinasfm.com\/noticias\/?p=146746"},"modified":"2025-04-14T09:03:20","modified_gmt":"2025-04-14T12:03:20","slug":"el-hospital-enfermeros-argentinos-celebro-sus-124-anos-de-historia-y-servicios","status":"publish","type":"post","link":"https:\/\/vinasfm.com\/noticias\/el-hospital-enfermeros-argentinos-celebro-sus-124-anos-de-historia-y-servicios\/","title":{"rendered":"EL HOSPITAL ENFERMEROS ARGENTINOS CELEBR\u00d3 SUS 124 A\u00d1OS DE HISTORIA Y SERVICIOS"},"content":{"rendered":"<h4><span style=\"color: #000000;\">El 8 de abril de 1901 abr\u00eda sus puertas la primera sala de primeros auxilios en General Alvear. 124 \u00f1os despu\u00e9s, el Hospital Enfermeros Argentinos contin\u00faa siendo un pilar fundamental en el cuidado de la salud de los ciudadanos.<\/span><\/h4>\n<p data-sourcepos=\"3:1-3:340\"><span style=\"color: #000000;\">En di\u00e1logo con <span style=\"color: #800080;\"><strong>FM VI\u00d1AS<\/strong><\/span>, figuras clave en la historia del nosocomio compartieron sus experiencias y visiones sobre el presente y futuro de la instituci\u00f3n.<\/span><\/p>\n<p data-sourcepos=\"5:1-5:577\"><span style=\"color: #000000;\"><strong><span style=\"color: #000080;\">Emilio Andr\u00e9s<\/span><\/strong><span style=\"color: #000080;\"><span style=\"color: #000000;\">,<\/span><\/span> <em>M\u00e9dico Cl\u00ednico y ex Director<\/em>, destac\u00f3 la profunda emotividad de la fecha tras 40 a\u00f1os de su vida ligados al hospital. <em><strong>\u00abUno se lleva de esa experiencia de haber vivido en el hospital, tanto en la atenci\u00f3n como en la conducci\u00f3n, la cantidad de amigos, la cantidad de compa\u00f1eros, que todos en su medida fueron aportando el granito para que el hospital estuviera como est\u00e1 hoy\u00bb<\/strong><\/em>. Subray\u00f3 el rol fundamental del hospital p\u00fablico como \u00ab<strong><em>la garant\u00eda de la salud\u00bb<\/em><\/strong> para la comunidad alvearense, remarcando la necesidad de <strong><em>\u00abcuidarlo y administrarlo con responsabilidad\u00bb.<\/em><\/strong><\/span><\/p>\n<p data-sourcepos=\"7:1-7:622\"><span style=\"color: #000000;\">Por su parte, <strong><span style=\"color: #003366;\">Juan Omelanczuk<\/span><\/strong>, <em>Cirujano General y tambi\u00e9n ex Director<\/em>, con m\u00e1s de 40 a\u00f1os de servicio, record\u00f3 sus distintas etapas dentro del hospital, desde m\u00e9dico de guardia hasta director en dos periodos. Omelanczuk resalt\u00f3 la importancia del Hospital Enfermeros Argentinos como <strong><em>\u00abel hospital de referencia\u00bb<\/em><\/strong> desde su llegada en 1965, atendiendo pacientes de una amplia regi\u00f3n. Evoc\u00f3 con humor sus inicios, recordando la gran responsabilidad que se le otorg\u00f3 siendo un joven m\u00e9dico de 29 a\u00f1os.<\/span><\/p>\n<div id=\"attachment_146753\" style=\"width: 1024px\" class=\"wp-caption aligncenter\"><a href=\"https:\/\/vinasfm.com\/noticias\/wp-content\/uploads\/2025\/04\/IMG-20250411-WA0082.jpg\"><img loading=\"lazy\" decoding=\"async\" aria-describedby=\"caption-attachment-146753\" class=\"wp-image-146753 size-large\" src=\"https:\/\/vinasfm.com\/noticias\/wp-content\/uploads\/2025\/04\/IMG-20250411-WA0082-1024x577.jpg\" alt=\"\" width=\"1024\" height=\"577\" srcset=\"https:\/\/vinasfm.com\/noticias\/wp-content\/uploads\/2025\/04\/IMG-20250411-WA0082-1024x577.jpg 1024w, https:\/\/vinasfm.com\/noticias\/wp-content\/uploads\/2025\/04\/IMG-20250411-WA0082-300x169.jpg 300w, https:\/\/vinasfm.com\/noticias\/wp-content\/uploads\/2025\/04\/IMG-20250411-WA0082-768x432.jpg 768w, https:\/\/vinasfm.com\/noticias\/wp-content\/uploads\/2025\/04\/IMG-20250411-WA0082-1140x641.jpg 1140w, https:\/\/vinasfm.com\/noticias\/wp-content\/uploads\/2025\/04\/IMG-20250411-WA0082.jpg 1156w\" sizes=\"auto, (max-width: 1024px) 100vw, 1024px\" \/><\/a><p id=\"caption-attachment-146753\" class=\"wp-caption-text\">Acto por el 124\u00b0 Aniversario del Hospital Enfermeros Argentino &#8211; Bodega Fara\u00f3n<\/p><\/div>\n<p data-sourcepos=\"7:1-7:622\"><span style=\"color: #000000;\">El <em>actual Director del nosocomio<\/em>, <span style=\"color: #003366;\"><strong>Alejandro Torres<\/strong><\/span>, enfatiz\u00f3 que el aniversario celebra mucho m\u00e1s que la atenci\u00f3n en salud, siendo un espacio de contenci\u00f3n para una gran cantidad de personas de todo el sur provincial e incluso de provincias vecinas. <em><strong>\u00abEn la salud no hay correspons\u00f3metro, la salud se atiende a las personas y hay que estar abierto, no hay que tener fronteras\u00bb<\/strong><\/em>, enfatiz\u00f3. Torres destac\u00f3 el crecimiento del hospital, especialmente en tecnolog\u00eda y capacidad de atenci\u00f3n.<\/span><\/p>\n<p data-sourcepos=\"11:1-11:387\"><span style=\"color: #000000;\">Mirando hacia el futuro, Torres anunci\u00f3 un avance fundamental para la radicaci\u00f3n de m\u00e9dicos en el departamento: <strong><em>\u00abLas dos personas que van a hacer cirug\u00eda general ya est\u00e1n viviendo en el departamento y est\u00e1n trabajando nuestro hospital, solo falta culminar el tr\u00e1mite administrativo para que cumplan su residencia y su formaci\u00f3n como cirujanos\u00bb.<\/em><\/strong><\/span><\/p>\n<p data-sourcepos=\"13:1-13:443\"><span style=\"color: #000000;\">El director tambi\u00e9n resalt\u00f3 la transformaci\u00f3n del hospital tras la pandemia de Covid-19, pasando de cuatro a <strong>catorce camas de terapia intensiva equipadas<\/strong>, lo que ha permitido disminuir la derivaci\u00f3n de pacientes y regionalizar la salud, recibiendo pacientes de San Rafael y otros lugares. En cuanto a la capacidad, el hospital pas\u00f3 de 60 a <strong>105 camas de internaci\u00f3n<\/strong>, con m\u00e1s de 400 altas mensuales y 200 atenciones diarias en la guardia de adultos.<\/span><\/p>\n<p data-sourcepos=\"15:1-15:378\"><span style=\"color: #000000;\">Finalmente, Torres valor\u00f3 la articulaci\u00f3n con otras instituciones de salud a nivel provincial y departamental, entendiendo que <em><strong>\u00abla salud es una sola, debemos tener la misma preocupaci\u00f3n y ocupaci\u00f3n en todo el territorio\u00bb.<\/strong><\/em> Este trabajo en conjunto ha sido clave para las mejoras que se est\u00e1n produciendo en el Hospital Enfermeros Argentinos, que celebra 124 a\u00f1os de compromiso con la salud de la comunidad.<\/span><\/p>\n","protected":false},"excerpt":{"rendered":"<p>El 8 de abril de 1901 abr\u00eda sus puertas la primera sala de primeros auxilios en General Alvear. 124 \u00f1os despu\u00e9s, &#8230;<\/p>\n","protected":false},"author":7,"featured_media":146752,"comment_status":"open","ping_status":"open","sticky":false,"template":"","format":"standard","meta":{"footnotes":""},"categories":[5,11],"tags":[],"class_list":["post-146746","post","type-post","status-publish","format-standard","has-post-thumbnail","hentry","category-actualidad","category-sociales"],"_links":{"self":[{"href":"https:\/\/vinasfm.com\/noticias\/wp-json\/wp\/v2\/posts\/146746","targetHints":{"allow":["GET"]}}],"collection":[{"href":"https:\/\/vinasfm.com\/noticias\/wp-json\/wp\/v2\/posts"}],"about":[{"href":"https:\/\/vinasfm.com\/noticias\/wp-json\/wp\/v2\/types\/post"}],"author":[{"embeddable":true,"href":"https:\/\/vinasfm.com\/noticias\/wp-json\/wp\/v2\/users\/7"}],"replies":[{"embeddable":true,"href":"https:\/\/vinasfm.com\/noticias\/wp-json\/wp\/v2\/comments?post=146746"}],"version-history":[{"count":5,"href":"https:\/\/vinasfm.com\/noticias\/wp-json\/wp\/v2\/posts\/146746\/revisions"}],"predecessor-version":[{"id":146756,"href":"https:\/\/vinasfm.com\/noticias\/wp-json\/wp\/v2\/posts\/146746\/revisions\/146756"}],"wp:featuredmedia":[{"embeddable":true,"href":"https:\/\/vinasfm.com\/noticias\/wp-json\/wp\/v2\/media\/146752"}],"wp:attachment":[{"href":"https:\/\/vinasfm.com\/noticias\/wp-json\/wp\/v2\/media?parent=146746"}],"wp:term":[{"taxonomy":"category","embeddable":true,"href":"https:\/\/vinasfm.com\/noticias\/wp-json\/wp\/v2\/categories?post=146746"},{"taxonomy":"post_tag","embeddable":true,"href":"https:\/\/vinasfm.com\/noticias\/wp-json\/wp\/v2\/tags?post=146746"}],"curies":[{"name":"wp","href":"https:\/\/api.w.org\/{rel}","templated":true}]}}