{"id":146739,"date":"2025-04-11T11:02:50","date_gmt":"2025-04-11T14:02:50","guid":{"rendered":"https:\/\/vinasfm.com\/noticias\/?p=146739"},"modified":"2025-04-11T18:32:55","modified_gmt":"2025-04-11T21:32:55","slug":"el-tango-sera-protagonista-de-la-agenda-cultural-del-fin-de-semana","status":"publish","type":"post","link":"https:\/\/vinasfm.com\/noticias\/el-tango-sera-protagonista-de-la-agenda-cultural-del-fin-de-semana\/","title":{"rendered":"EL TANGO SER\u00c1 PROTAGONISTA DE LA AGENDA CULTURAL DEL FIN DE SEMANA"},"content":{"rendered":"<h4>La Direcci\u00f3n de Cultura de General Alvear contin\u00faa ofreciendo diversas propuestas para el disfrute de la comunidad durante los fines de semana.<\/h4>\n<p>La <em>directora Cultural<\/em>, <span style=\"color: #003366;\"><strong>Mar\u00eda Delia Achetoni<\/strong><\/span>, dio a conocer el cronograma de actividades para el fin de semana, destacando las actividades programadas para este fin de semana.<\/p>\n<p>El s\u00e1bado ser\u00e1 dedicado al apasionante mundo del tango con un gran festival que comenzar\u00e1 temprano. <strong><em>\u00abArrancamos el d\u00eda s\u00e1bado con el Festival de Tango, que comienza desde muy temprano con dos capacitaciones\u00bb<\/em><\/strong>, explic\u00f3 Achetoni. <strong>La primera capacitaci\u00f3n, para principiantes, se realizar\u00e1 a las 15:00 hs, seguida de una clase para avanzados a las 17:00 hs, ambas en el estudio <em>Danza Fusi\u00f3n<\/em>, ubicada en Arist\u00f3bulo del Valle y Buenos Aires.<\/strong><\/p>\n<p>La jornada tanguera continuar\u00e1 a las 20:30 hs en Bodega Faraon con el inicio formal del festival. El evento promete ser un espect\u00e1culo para disfrutar y tambi\u00e9n para bailar, ya que habr\u00e1 una milonga. Los asistentes podr\u00e1n adem\u00e1s disfrutar de una cantina en el lugar.<\/p>\n<p><a href=\"https:\/\/vinasfm.com\/noticias\/wp-content\/uploads\/2025\/04\/IMG-20250409-WA0026.jpg\"><img loading=\"lazy\" decoding=\"async\" class=\"alignnone wp-image-146743\" src=\"https:\/\/vinasfm.com\/noticias\/wp-content\/uploads\/2025\/04\/IMG-20250409-WA0026-819x1024.jpg\" alt=\"\" width=\"300\" height=\"375\" srcset=\"https:\/\/vinasfm.com\/noticias\/wp-content\/uploads\/2025\/04\/IMG-20250409-WA0026-819x1024.jpg 819w, https:\/\/vinasfm.com\/noticias\/wp-content\/uploads\/2025\/04\/IMG-20250409-WA0026-240x300.jpg 240w, https:\/\/vinasfm.com\/noticias\/wp-content\/uploads\/2025\/04\/IMG-20250409-WA0026-768x960.jpg 768w, https:\/\/vinasfm.com\/noticias\/wp-content\/uploads\/2025\/04\/IMG-20250409-WA0026-1229x1536.jpg 1229w, https:\/\/vinasfm.com\/noticias\/wp-content\/uploads\/2025\/04\/IMG-20250409-WA0026.jpg 1280w\" sizes=\"auto, (max-width: 300px) 100vw, 300px\" \/><\/a> <a href=\"https:\/\/vinasfm.com\/noticias\/wp-content\/uploads\/2025\/04\/IMG-20250408-WA0008.jpg\"><img loading=\"lazy\" decoding=\"async\" class=\"alignnone wp-image-146742\" src=\"https:\/\/vinasfm.com\/noticias\/wp-content\/uploads\/2025\/04\/IMG-20250408-WA0008-819x1024.jpg\" alt=\"\" width=\"300\" height=\"375\" srcset=\"https:\/\/vinasfm.com\/noticias\/wp-content\/uploads\/2025\/04\/IMG-20250408-WA0008-819x1024.jpg 819w, https:\/\/vinasfm.com\/noticias\/wp-content\/uploads\/2025\/04\/IMG-20250408-WA0008-240x300.jpg 240w, https:\/\/vinasfm.com\/noticias\/wp-content\/uploads\/2025\/04\/IMG-20250408-WA0008-768x960.jpg 768w, https:\/\/vinasfm.com\/noticias\/wp-content\/uploads\/2025\/04\/IMG-20250408-WA0008-1229x1536.jpg 1229w, https:\/\/vinasfm.com\/noticias\/wp-content\/uploads\/2025\/04\/IMG-20250408-WA0008.jpg 1280w\" sizes=\"auto, (max-width: 300px) 100vw, 300px\" \/><\/a><\/p>\n<p>El domingo, las actividades se trasladar\u00e1n a los barrios con una nueva edici\u00f3n de <em>\u00abArte en las Plazas\u00bb<\/em>, aunque en esta ocasi\u00f3n tendr\u00e1 una locaci\u00f3n especial. <em><strong>\u00abEl objetivo de este programa es llevar la cultura a los lugares m\u00e1s alejados\u00bb<\/strong><\/em>, coment\u00f3 Achetoni. Debido al inter\u00e9s y la convocatoria, la actividad se realizar\u00e1 en el play\u00f3n de la Escuela N\u00b0 1-433 Cruz Roja, ubicada en la intersecci\u00f3n de calles 19 y O.<\/p>\n<p><a href=\"https:\/\/vinasfm.com\/noticias\/wp-content\/uploads\/2025\/04\/IMG-20250408-WA0007.jpg\"><img loading=\"lazy\" decoding=\"async\" class=\"alignnone wp-image-146741\" src=\"https:\/\/vinasfm.com\/noticias\/wp-content\/uploads\/2025\/04\/IMG-20250408-WA0007-884x1024.jpg\" alt=\"\" width=\"300\" height=\"347\" srcset=\"https:\/\/vinasfm.com\/noticias\/wp-content\/uploads\/2025\/04\/IMG-20250408-WA0007-884x1024.jpg 884w, https:\/\/vinasfm.com\/noticias\/wp-content\/uploads\/2025\/04\/IMG-20250408-WA0007-259x300.jpg 259w, https:\/\/vinasfm.com\/noticias\/wp-content\/uploads\/2025\/04\/IMG-20250408-WA0007-768x889.jpg 768w, https:\/\/vinasfm.com\/noticias\/wp-content\/uploads\/2025\/04\/IMG-20250408-WA0007-1327x1536.jpg 1327w, https:\/\/vinasfm.com\/noticias\/wp-content\/uploads\/2025\/04\/IMG-20250408-WA0007.jpg 1382w\" sizes=\"auto, (max-width: 300px) 100vw, 300px\" \/><\/a><\/p>\n","protected":false},"excerpt":{"rendered":"<p>La Direcci\u00f3n de Cultura de General Alvear contin\u00faa ofreciendo diversas propuestas para el disfrute de la comunidad durante los fines de &#8230;<\/p>\n","protected":false},"author":7,"featured_media":146744,"comment_status":"open","ping_status":"open","sticky":false,"template":"","format":"standard","meta":{"footnotes":""},"categories":[1],"tags":[],"class_list":["post-146739","post","type-post","status-publish","format-standard","has-post-thumbnail","hentry","category-fmvinas"],"_links":{"self":[{"href":"https:\/\/vinasfm.com\/noticias\/wp-json\/wp\/v2\/posts\/146739","targetHints":{"allow":["GET"]}}],"collection":[{"href":"https:\/\/vinasfm.com\/noticias\/wp-json\/wp\/v2\/posts"}],"about":[{"href":"https:\/\/vinasfm.com\/noticias\/wp-json\/wp\/v2\/types\/post"}],"author":[{"embeddable":true,"href":"https:\/\/vinasfm.com\/noticias\/wp-json\/wp\/v2\/users\/7"}],"replies":[{"embeddable":true,"href":"https:\/\/vinasfm.com\/noticias\/wp-json\/wp\/v2\/comments?post=146739"}],"version-history":[{"count":3,"href":"https:\/\/vinasfm.com\/noticias\/wp-json\/wp\/v2\/posts\/146739\/revisions"}],"predecessor-version":[{"id":146757,"href":"https:\/\/vinasfm.com\/noticias\/wp-json\/wp\/v2\/posts\/146739\/revisions\/146757"}],"wp:featuredmedia":[{"embeddable":true,"href":"https:\/\/vinasfm.com\/noticias\/wp-json\/wp\/v2\/media\/146744"}],"wp:attachment":[{"href":"https:\/\/vinasfm.com\/noticias\/wp-json\/wp\/v2\/media?parent=146739"}],"wp:term":[{"taxonomy":"category","embeddable":true,"href":"https:\/\/vinasfm.com\/noticias\/wp-json\/wp\/v2\/categories?post=146739"},{"taxonomy":"post_tag","embeddable":true,"href":"https:\/\/vinasfm.com\/noticias\/wp-json\/wp\/v2\/tags?post=146739"}],"curies":[{"name":"wp","href":"https:\/\/api.w.org\/{rel}","templated":true}]}}