{"id":146719,"date":"2025-04-11T08:22:36","date_gmt":"2025-04-11T11:22:36","guid":{"rendered":"https:\/\/vinasfm.com\/noticias\/?p=146719"},"modified":"2025-04-11T08:22:36","modified_gmt":"2025-04-11T11:22:36","slug":"el-gobierno-elimino-las-pensiones-por-fallecimiento-para-un-grupo-de-jubilados-en-que-casos-aplica","status":"publish","type":"post","link":"https:\/\/vinasfm.com\/noticias\/el-gobierno-elimino-las-pensiones-por-fallecimiento-para-un-grupo-de-jubilados-en-que-casos-aplica\/","title":{"rendered":"EL GOBIERNO ELIMIN\u00d3 LAS PENSIONES POR FALLECIMIENTO PARA UN GRUPO DE JUBILADOS: EN QU\u00c9 CASOS APLICA"},"content":{"rendered":"<h4>Desde la Anses dieron a conocer esta modificaci\u00f3n que afectar\u00e1 a miles de adultos mayores que opten por la Pensi\u00f3n Universal para el Adulto Mayor.<\/h4>\n<p>El Gobierno Nacional\u00a0<strong>elimin\u00f3 la posibilidad de cobrar\u00a0pensiones\u00a0por fallecimiento<\/strong>\u00a0para un grupo espec\u00edfico de beneficiarios mediante una medida que gener\u00f3 pol\u00e9mica en las \u00faltimas horas.<\/p>\n<article class=\"article-body article-body--second-paragraph\">Esta medida est\u00e1 relacionada con el\u00a0<strong>fin de la moratoria previsional<\/strong>, que fue implementada por la Administraci\u00f3n Nacional de la Seguridad Social (Anses), la cual\u00a0<strong>permit\u00eda a muchas personas acceder a una jubilaci\u00f3n sin contar con los 30 a\u00f1os de aportes necesarios.<\/strong><\/p>\n<\/article>\n<article class=\"article-body article-body--third-paragraph\">\n<h2>Qu\u00e9 grupos de jubilados dejar\u00e1n de cobrar esta pensi\u00f3n<\/h2>\n<p>A partir de esta disposici\u00f3n, quienes opten por la\u00a0<strong>Pensi\u00f3n Universal para el Adulto Mayor (PUAM)\u00a0<\/strong>como alternativa,\u00a0<strong>no podr\u00e1n reclamar una pensi\u00f3n por viudez en caso del fallecimiento de su pareja.<\/strong>\u00a0Este beneficio segu\u00eda disponible para los\u00a0jubilados\u00a0del sistema general.<\/p>\n<\/article>\n<article class=\"article-body article-body--fourth-paragraph\">Esta decisi\u00f3n afecta principalmente a los adultos mayores que al no tener los aportes necesarios, dependen de la PUAM, un haber que\u00a0<strong>es equivalente al 80% de la jubilaci\u00f3n m\u00ednima.<\/strong><\/p>\n<article class=\"article-body article-body--fifth-paragraph\">Por otro lado, quienes accedieron a la jubilaci\u00f3n a trav\u00e9s del\u00a0<strong>sistema contributivo tradicional, conservar\u00e1n la posibilidad de transmitir una pensi\u00f3n a sus familiares directos.<\/strong><\/p>\n<\/article>\n<article class=\"article-body article-body--third-paragraph\">\n<h2>Requisitos para tramitar la PUAM<\/h2>\n<p>Para tramitar la Pensi\u00f3n Universal para el Adulto Mayor en Argentina,\u00a0<strong>los interesados deben cumplir distintos requisitos establecidos por la Anses<\/strong>.<\/p>\n<p>En primer lugar,\u00a0<strong>es necesario tener 65 a\u00f1os o m\u00e1s, residir de manera permanente en el pa\u00eds y acreditar al menos 10 a\u00f1os de residencia contin\u00faa inmediatamente anteriores a la solicitud.<\/strong><\/p>\n<p>A su vez,\u00a0<strong>el solicitante no debe estar percibiendo otra jubilaci\u00f3n, pensi\u00f3n o prestaci\u00f3n contributiva,<\/strong>\u00a0ni estar en relaci\u00f3n de dependencia o trabajando de manera formal.\u00a0<strong>S\u00ed se permite el trabajo aut\u00f3nomo o informal.<\/strong><\/p>\n<p>Adem\u00e1s,\u00a0<strong>se exige no ser propietario de bienes o ingresos que superen los l\u00edmites establecidos por la normativa vigente<\/strong>, garantizando que esta pensi\u00f3n est\u00e9 destinada a personas en situaci\u00f3n de vulnerabilidad econ\u00f3mica.<\/p>\n<p>El tr\u00e1mite se puede realizar de forma presencial o virtual, con turno previo y requiere la presentaci\u00f3n de documentaci\u00f3n como DNI, y en algunos casos certificados que avalen la residencia.<\/p>\n<\/article>\n<\/article>\n","protected":false},"excerpt":{"rendered":"<p>Desde la Anses dieron a conocer esta modificaci\u00f3n que afectar\u00e1 a miles de adultos mayores que opten por la Pensi\u00f3n Universal &#8230;<\/p>\n","protected":false},"author":7,"featured_media":146720,"comment_status":"open","ping_status":"open","sticky":false,"template":"","format":"standard","meta":{"footnotes":""},"categories":[1],"tags":[],"class_list":["post-146719","post","type-post","status-publish","format-standard","has-post-thumbnail","hentry","category-fmvinas"],"_links":{"self":[{"href":"https:\/\/vinasfm.com\/noticias\/wp-json\/wp\/v2\/posts\/146719","targetHints":{"allow":["GET"]}}],"collection":[{"href":"https:\/\/vinasfm.com\/noticias\/wp-json\/wp\/v2\/posts"}],"about":[{"href":"https:\/\/vinasfm.com\/noticias\/wp-json\/wp\/v2\/types\/post"}],"author":[{"embeddable":true,"href":"https:\/\/vinasfm.com\/noticias\/wp-json\/wp\/v2\/users\/7"}],"replies":[{"embeddable":true,"href":"https:\/\/vinasfm.com\/noticias\/wp-json\/wp\/v2\/comments?post=146719"}],"version-history":[{"count":2,"href":"https:\/\/vinasfm.com\/noticias\/wp-json\/wp\/v2\/posts\/146719\/revisions"}],"predecessor-version":[{"id":146749,"href":"https:\/\/vinasfm.com\/noticias\/wp-json\/wp\/v2\/posts\/146719\/revisions\/146749"}],"wp:featuredmedia":[{"embeddable":true,"href":"https:\/\/vinasfm.com\/noticias\/wp-json\/wp\/v2\/media\/146720"}],"wp:attachment":[{"href":"https:\/\/vinasfm.com\/noticias\/wp-json\/wp\/v2\/media?parent=146719"}],"wp:term":[{"taxonomy":"category","embeddable":true,"href":"https:\/\/vinasfm.com\/noticias\/wp-json\/wp\/v2\/categories?post=146719"},{"taxonomy":"post_tag","embeddable":true,"href":"https:\/\/vinasfm.com\/noticias\/wp-json\/wp\/v2\/tags?post=146719"}],"curies":[{"name":"wp","href":"https:\/\/api.w.org\/{rel}","templated":true}]}}