{"id":146716,"date":"2025-04-11T08:48:38","date_gmt":"2025-04-11T11:48:38","guid":{"rendered":"https:\/\/vinasfm.com\/noticias\/?p=146716"},"modified":"2025-04-11T08:51:02","modified_gmt":"2025-04-11T11:51:02","slug":"la-44-fiesta-nacinal-de-la-ganaderia-promete-emocionantes-destrezas-criollas-y-una-gran-jineteada","status":"publish","type":"post","link":"https:\/\/vinasfm.com\/noticias\/la-44-fiesta-nacinal-de-la-ganaderia-promete-emocionantes-destrezas-criollas-y-una-gran-jineteada\/","title":{"rendered":"LA 44\u00b0 FIESTA NACIONAL DE LA GANADER\u00cdA PROMETE EMOCIONANTES DESTREZAS CRIOLLAS Y UNA GRAN JINETEADA"},"content":{"rendered":"<h4><span style=\"color: #000000;\"> La cuenta regresiva ha comenzado para la 44\u00b0 edici\u00f3n de la Fiesta Nacional de la Ganader\u00eda, y uno de sus platos fuertes, la Gran Jineteada, ya est\u00e1 tomando forma con promesas de un espect\u00e1culo inolvidable. <\/span><\/h4>\n<p><strong><span style=\"color: #003366;\">Ricardo Balmaceda<\/span><\/strong>, <span style=\"color: #000000;\">miembro de la organizaci\u00f3n, brind\u00f3 detalles sobre lo que el p\u00fablico podr\u00e1 esperar en esta tradicional celebraci\u00f3n. <em><strong>\u00abEste a\u00f1o tenemos la oportunidad de contar con m\u00e1s de 100 montas, un n\u00famero realmente importante y que supera ampliamente lo del a\u00f1o pasado\u00bb.<\/strong><\/em><\/span><\/p>\n<p><span style=\"color: #000000;\">Balmaceda destac\u00f3 el esfuerzo de la comisi\u00f3n por aumentar la cantidad de montas, respondiendo al inter\u00e9s del p\u00fablico. En cuanto a las tropillas confirmadas a nivel nacional, mencion\u00f3 nombres de renombre en el ambiente: <strong>La Pumita de Enzo Vegas (La Pampa), El Cencerro de Paco L\u00f3pez (Villa Mercedes \u2013 San Luis), El Destino de Nello Gonz\u00e1lez (Villa Mercedes \u2013 San Luis), La Embrujada de Marcelo Martinengo (Villa Mar\u00eda \u2013 C\u00f3rdoba) y La Argentina de Peco Lolich (Villa Mar\u00eda \u2013 C\u00f3rdoba).<\/strong><\/span><\/p>\n<p><span style=\"color: #000000;\">El espect\u00e1culo nacional incluir\u00e1 las tres categor\u00edas tradicionales: crina limpia, grupa sure\u00f1a y bastos con encimera sin bolea. Adem\u00e1s, se realizar\u00e1 un broche de oro al final de la tarde con un caballo invitado por un tropillero, marcando un cierre de lujo.<\/span><\/p>\n<p><span style=\"color: #000000;\">Balmaceda no dud\u00f3 en se\u00f1alar la calidad del evento, haciendo referencia a la presencia de animales y jinetes de primer nivel, muchos de ellos con trayectoria en festivales como Jes\u00fas Mar\u00eda. <em><strong>\u00abTodo aquel que conoce de Jineteada o no, se va a encontrar que la caballada que baja a esta fiesta es de primer\u00edsimo nivel y, adem\u00e1s, todos los jinetes que vienen son de gran relevancia nacional\u00bb.<\/strong><\/em><\/span><\/p>\n<p><img loading=\"lazy\" decoding=\"async\" class=\"aligncenter\" src=\"https:\/\/www.victorica.gob.ar\/noticias\/2014\/img\/fiesta-ganaderia-jineteada-01.jpg\" alt=\"Un sol resplandece sobre el Campo de Jineteada Don Rosario de Balmaceda -  Municipalidad de Victorica - La Pampa - Argentina\" width=\"499\" height=\"301\" \/><\/p>\n<p>&nbsp;<\/p>\n<p><span style=\"color: #000000;\">Por su parte,<\/span> <span style=\"color: #003366;\"><strong>Yanela Fern\u00e1ndez<\/strong><\/span> <span style=\"color: #000000;\">brind\u00f3 informaci\u00f3n importante sobre la venta de entradas.<em><strong> \u00abYa est\u00e1n disponibles para poder adquirir la anticipada, tiene un costo de $20.000\u00bb<\/strong><\/em>, se\u00f1al\u00f3 y destac\u00f3 que <strong><em>\u00abadquiriendo la anticipada podr\u00e1n ingresar a la jornada de Destrezas Criollas, el s\u00e1bado 10 de mayo, y a la gran Jineteada, que ser\u00e1 el domingo 11\u00bb. <\/em><\/strong><\/span><\/p>\n<p><span style=\"color: #000000;\">Las entradas anticipadas se pueden adquirir en la C\u00e1mara de Comercio, de<\/span><a href=\"https:\/\/fiestadelaganaderialvear.com.ar\/jineteada\/\"><em> manera online en la p\u00e1gina web<\/em><\/a> <span style=\"color: #000000;\">o contact\u00e1ndose a trav\u00e9s del Instagram @fiestaganaderialvear, donde tambi\u00e9n se publicar\u00e1n los puntos de venta en distintas localidades como San Rafael, Villa Atuel, Salto de las Rosas, Real del Padre, Bowen, Santa Isabel y Uni\u00f3n.<\/span><\/p>\n<p><span style=\"color: #000000;\">Para quienes decidan adquirir su entrada directamente el d\u00eda del evento,<strong> el costo en taquilla el domingo 11 ser\u00e1 de $25.000 por persona<\/strong>, manteniendo la gratuidad del ingreso con conservadora. Una informaci\u00f3n relevante es que los <strong>ni\u00f1os hasta 12 a\u00f1os ingresar\u00e1n gratis, mientras que los jubilados, presentando su carnet en taquilla el domingo, acceder\u00e1n a un descuento, abonando $12.500.<\/strong><\/span><\/p>\n<p><img loading=\"lazy\" decoding=\"async\" class=\"aligncenter\" src=\"https:\/\/i0.wp.com\/fiestadelaganaderialvear.com.ar\/wp-content\/uploads\/2023\/05\/3.jpg?resize=800%2C534&amp;ssl=1\" alt=\"Exitoso 2\u00b0 Torneo Nacional de Destrezas Criollas \u2013 Fiesta Nacional de la  Ganader\u00eda de Gral. Alvear\" width=\"500\" height=\"334\" \/><\/p>\n<p><span style=\"color: #000000;\">Por su parte, <strong><span style=\"color: #003366;\">Miguel Sosa<\/span><\/strong>, a cargo de las <strong>Destrezas Criollas<\/strong>, anunci\u00f3 la realizaci\u00f3n de la tercera y \u00faltima clasificatoria para el <em>4\u00b0 Torneo Nacional<\/em>, en el marco de la Fiesta Nacional de la Ganader\u00eda. El evento se llevar\u00e1 a cabo el <strong>20 de abril<\/strong> en el predio de <em>Federaci\u00f3n Gaucha Delegaci\u00f3n Alvear<\/em> (calle 8 y M), coincidiendo con el aniversario de su apertura.<\/span><\/p>\n<p><span style=\"color: #000000;\">Para la final, que tendr\u00e1 lugar el s\u00e1bado 10 de mayo en el Predio Ferial, la organizaci\u00f3n ha innovado en el sistema de premiaci\u00f3n. En lugar de los tradicionales primero, segundo y tercer puesto por juego, se entregar\u00e1n <strong>nueve premios por juego<\/strong>, divididos en <strong>Copa de Oro, Plata y Bronce<\/strong>. Esta modificaci\u00f3n busca incentivar la participaci\u00f3n y brindar mayores oportunidades de reconocimiento. <strong>Actualmente, alrededor de 70 jinetes compiten por uno de los 36 lugares en la final.<\/strong><\/span><\/p>\n<p><strong><span style=\"color: #000000;\">Con todos estos ingredientes, la 44\u00b0 Fiesta Nacional de la Ganader\u00eda se prepara para ofrecer un fin de semana lleno de tradici\u00f3n, emoci\u00f3n y el vibrante esp\u00edritu de las destrezas criollas y la jineteada argentina.<\/span><\/strong><\/p>\n","protected":false},"excerpt":{"rendered":"<p>La cuenta regresiva ha comenzado para la 44\u00b0 edici\u00f3n de la Fiesta Nacional de la Ganader\u00eda, y uno de sus platos &#8230;<\/p>\n","protected":false},"author":7,"featured_media":146717,"comment_status":"open","ping_status":"open","sticky":false,"template":"","format":"standard","meta":{"footnotes":""},"categories":[1],"tags":[],"class_list":["post-146716","post","type-post","status-publish","format-standard","has-post-thumbnail","hentry","category-fmvinas"],"_links":{"self":[{"href":"https:\/\/vinasfm.com\/noticias\/wp-json\/wp\/v2\/posts\/146716","targetHints":{"allow":["GET"]}}],"collection":[{"href":"https:\/\/vinasfm.com\/noticias\/wp-json\/wp\/v2\/posts"}],"about":[{"href":"https:\/\/vinasfm.com\/noticias\/wp-json\/wp\/v2\/types\/post"}],"author":[{"embeddable":true,"href":"https:\/\/vinasfm.com\/noticias\/wp-json\/wp\/v2\/users\/7"}],"replies":[{"embeddable":true,"href":"https:\/\/vinasfm.com\/noticias\/wp-json\/wp\/v2\/comments?post=146716"}],"version-history":[{"count":3,"href":"https:\/\/vinasfm.com\/noticias\/wp-json\/wp\/v2\/posts\/146716\/revisions"}],"predecessor-version":[{"id":146724,"href":"https:\/\/vinasfm.com\/noticias\/wp-json\/wp\/v2\/posts\/146716\/revisions\/146724"}],"wp:featuredmedia":[{"embeddable":true,"href":"https:\/\/vinasfm.com\/noticias\/wp-json\/wp\/v2\/media\/146717"}],"wp:attachment":[{"href":"https:\/\/vinasfm.com\/noticias\/wp-json\/wp\/v2\/media?parent=146716"}],"wp:term":[{"taxonomy":"category","embeddable":true,"href":"https:\/\/vinasfm.com\/noticias\/wp-json\/wp\/v2\/categories?post=146716"},{"taxonomy":"post_tag","embeddable":true,"href":"https:\/\/vinasfm.com\/noticias\/wp-json\/wp\/v2\/tags?post=146716"}],"curies":[{"name":"wp","href":"https:\/\/api.w.org\/{rel}","templated":true}]}}