{"id":146709,"date":"2025-04-11T08:16:26","date_gmt":"2025-04-11T11:16:26","guid":{"rendered":"https:\/\/vinasfm.com\/noticias\/?p=146709"},"modified":"2025-04-11T08:16:26","modified_gmt":"2025-04-11T11:16:26","slug":"lograron-la-reinsercion-de-gavilanes-en-carmensa-una-estrategia-ecologica-para-controlar-la-poblacion-de-loros-barraqueros","status":"publish","type":"post","link":"https:\/\/vinasfm.com\/noticias\/lograron-la-reinsercion-de-gavilanes-en-carmensa-una-estrategia-ecologica-para-controlar-la-poblacion-de-loros-barraqueros\/","title":{"rendered":"LOGRARON LA REINSERCI\u00d3N DE GAVILANES EN CARMENSA: UNA ESTRATEGIA ECOL\u00d3GICA PARA CONTROLAR LA POBLACI\u00d3N DE LOROS BARRAQUEROS"},"content":{"rendered":"<h4>En un esfuerzo por abordar las inquietudes de los vecinos de Carmensa ante la creciente presencia de loros barranqueros, se llev\u00f3 a cabo la reinserci\u00f3n de tres gavilanes mixtos en el distrito. Esta acci\u00f3n busca implementar un control biol\u00f3gico que ayude a regular la poblaci\u00f3n de estas aves, que han sido percibidas como una plaga por los residentes locales.<\/h4>\n<p>Durante la ceremonia de reinserci\u00f3n, el <em>Asesor de Gesti\u00f3n Ambiental<\/em> <span style=\"color: #003366;\"><strong>Denis Rabanal<\/strong> <\/span>explic\u00f3 que los gavilanes, recuperados en el ecoparque de Mendoza tras haber sufrido da\u00f1os, son una especie aut\u00f3ctona del sur provincial. <em><strong>\u201cNo estamos introduciendo una especie ex\u00f3tica, sino que estamos trayendo de vuelta a un controlador biol\u00f3gico que forma parte del ecosistema\u201d<\/strong><\/em>, afirm\u00f3. La decisi\u00f3n de reinsertar a estos rapaces fue impulsada por las m\u00faltiples quejas recibidas desde el a\u00f1o pasado, donde los vecinos expresaron su preocupaci\u00f3n por los inconvenientes causados por la proliferaci\u00f3n de loros barranqueros.<\/p>\n<p><strong>El loro barranquero, al no contar con depredadores naturales en la zona, ha aumentado su poblaci\u00f3n considerablemente, generando problemas en las comunidades cercanas.<\/strong> Rabanal destac\u00f3 que el objetivo no es erradicar a esta especie, sino equilibrar su presencia mediante el control biol\u00f3gico proporcionado por los gavilanes. <em><strong>\u201cEl gavil\u00e1n es un controlador dentro de la cadena alimenticia y su funci\u00f3n es vital para mantener la salud del ecosistema\u201d<\/strong><\/em>, subray\u00f3.<\/p>\n<p><a href=\"https:\/\/vinasfm.com\/noticias\/wp-content\/uploads\/2025\/04\/IMG-20250411-WA0002.jpg\"><img loading=\"lazy\" decoding=\"async\" class=\"alignnone wp-image-146710\" src=\"https:\/\/vinasfm.com\/noticias\/wp-content\/uploads\/2025\/04\/IMG-20250411-WA0002-1024x682.jpg\" alt=\"\" width=\"500\" height=\"333\" srcset=\"https:\/\/vinasfm.com\/noticias\/wp-content\/uploads\/2025\/04\/IMG-20250411-WA0002-1024x682.jpg 1024w, https:\/\/vinasfm.com\/noticias\/wp-content\/uploads\/2025\/04\/IMG-20250411-WA0002-300x200.jpg 300w, https:\/\/vinasfm.com\/noticias\/wp-content\/uploads\/2025\/04\/IMG-20250411-WA0002-768x512.jpg 768w, https:\/\/vinasfm.com\/noticias\/wp-content\/uploads\/2025\/04\/IMG-20250411-WA0002-1536x1023.jpg 1536w, https:\/\/vinasfm.com\/noticias\/wp-content\/uploads\/2025\/04\/IMG-20250411-WA0002.jpg 1600w\" sizes=\"auto, (max-width: 500px) 100vw, 500px\" \/><\/a><\/p>\n<p><span style=\"color: #003366;\"><strong>Juan Pablo Coniglione<\/strong><\/span>, <em>veterinario del Departamento de Fauna de Mendoza<\/em>, agreg\u00f3 que esta reinserci\u00f3n es una medida necesaria para mitigar el impacto negativo que pueden causar los loros barranqueros en entornos urbanos. <em><strong>\u201cLos loros suelen buscar refugio en \u00e1reas pobladas porque encuentran condiciones favorables para pasar la noche. Al reinsertar a los gavilanes aqu\u00ed, esperamos reducir sus dormideros en Carmensa\u201d<\/strong><\/em>, explic\u00f3.<\/p>\n<p>Coniglione tambi\u00e9n enfatiz\u00f3 la importancia ecol\u00f3gica del loro barranquero, que desempe\u00f1a un papel crucial en la regeneraci\u00f3n del bosque nativo al dispersar semillas. <em><strong>\u201cEs fundamental tener ecosistemas sanos y completos; esto no solo beneficia al medio ambiente, sino que tambi\u00e9n puede ser una ventaja para aquellos productores que buscan comercializar productos amigables con el ecosistema\u201d<\/strong><\/em>, indic\u00f3.<\/p>\n<p>El veterinario inst\u00f3 a los habitantes de Carmensa a ser pacientes con los nuevos inquilinos del cielo local. <em><strong>\u201cEs normal que un gavil\u00e1n pueda atacar a aves m\u00e1s peque\u00f1as como gallinas o pollitos. Les pedimos tiempo para que se adapten y cumplan con su funci\u00f3n ecol\u00f3gica\u201d<\/strong><\/em>, a\u00f1adi\u00f3.<\/p>\n<p><a href=\"https:\/\/vinasfm.com\/noticias\/wp-content\/uploads\/2025\/04\/IMG-20250411-WA0006.jpg\"><img loading=\"lazy\" decoding=\"async\" class=\"alignnone wp-image-146711\" src=\"https:\/\/vinasfm.com\/noticias\/wp-content\/uploads\/2025\/04\/IMG-20250411-WA0006-1024x682.jpg\" alt=\"\" width=\"350\" height=\"233\" srcset=\"https:\/\/vinasfm.com\/noticias\/wp-content\/uploads\/2025\/04\/IMG-20250411-WA0006-1024x682.jpg 1024w, https:\/\/vinasfm.com\/noticias\/wp-content\/uploads\/2025\/04\/IMG-20250411-WA0006-300x200.jpg 300w, https:\/\/vinasfm.com\/noticias\/wp-content\/uploads\/2025\/04\/IMG-20250411-WA0006-768x512.jpg 768w, https:\/\/vinasfm.com\/noticias\/wp-content\/uploads\/2025\/04\/IMG-20250411-WA0006-1536x1023.jpg 1536w, https:\/\/vinasfm.com\/noticias\/wp-content\/uploads\/2025\/04\/IMG-20250411-WA0006.jpg 1600w\" sizes=\"auto, (max-width: 350px) 100vw, 350px\" \/><\/a> <a href=\"https:\/\/vinasfm.com\/noticias\/wp-content\/uploads\/2025\/04\/IMG-20250411-WA0008.jpg\"><img loading=\"lazy\" decoding=\"async\" class=\"alignnone wp-image-146712\" src=\"https:\/\/vinasfm.com\/noticias\/wp-content\/uploads\/2025\/04\/IMG-20250411-WA0008-1024x682.jpg\" alt=\"\" width=\"350\" height=\"233\" srcset=\"https:\/\/vinasfm.com\/noticias\/wp-content\/uploads\/2025\/04\/IMG-20250411-WA0008-1024x682.jpg 1024w, https:\/\/vinasfm.com\/noticias\/wp-content\/uploads\/2025\/04\/IMG-20250411-WA0008-300x200.jpg 300w, https:\/\/vinasfm.com\/noticias\/wp-content\/uploads\/2025\/04\/IMG-20250411-WA0008-768x512.jpg 768w, https:\/\/vinasfm.com\/noticias\/wp-content\/uploads\/2025\/04\/IMG-20250411-WA0008-1536x1023.jpg 1536w, https:\/\/vinasfm.com\/noticias\/wp-content\/uploads\/2025\/04\/IMG-20250411-WA0008.jpg 1600w\" sizes=\"auto, (max-width: 350px) 100vw, 350px\" \/><\/a><\/p>\n<p>Finalmente, se record\u00f3 a la poblaci\u00f3n que el uso de armas y otros m\u00e9todos para eliminar aves est\u00e1 prohibido y se les inst\u00f3 a comunicarse con las autoridades locales ante cualquier inconveniente relacionado con estos animales. <strong>La reinserci\u00f3n de gavilanes en Carmensa representa no solo un paso hacia el control biol\u00f3gico de especies invasoras, sino tambi\u00e9n un compromiso con la conservaci\u00f3n y salud ambiental del distrito.<\/strong><\/p>\n","protected":false},"excerpt":{"rendered":"<p>En un esfuerzo por abordar las inquietudes de los vecinos de Carmensa ante la creciente presencia de loros barranqueros, se llev\u00f3 &#8230;<\/p>\n","protected":false},"author":7,"featured_media":146713,"comment_status":"open","ping_status":"open","sticky":false,"template":"","format":"standard","meta":{"footnotes":""},"categories":[1],"tags":[],"class_list":["post-146709","post","type-post","status-publish","format-standard","has-post-thumbnail","hentry","category-fmvinas"],"_links":{"self":[{"href":"https:\/\/vinasfm.com\/noticias\/wp-json\/wp\/v2\/posts\/146709","targetHints":{"allow":["GET"]}}],"collection":[{"href":"https:\/\/vinasfm.com\/noticias\/wp-json\/wp\/v2\/posts"}],"about":[{"href":"https:\/\/vinasfm.com\/noticias\/wp-json\/wp\/v2\/types\/post"}],"author":[{"embeddable":true,"href":"https:\/\/vinasfm.com\/noticias\/wp-json\/wp\/v2\/users\/7"}],"replies":[{"embeddable":true,"href":"https:\/\/vinasfm.com\/noticias\/wp-json\/wp\/v2\/comments?post=146709"}],"version-history":[{"count":1,"href":"https:\/\/vinasfm.com\/noticias\/wp-json\/wp\/v2\/posts\/146709\/revisions"}],"predecessor-version":[{"id":146714,"href":"https:\/\/vinasfm.com\/noticias\/wp-json\/wp\/v2\/posts\/146709\/revisions\/146714"}],"wp:featuredmedia":[{"embeddable":true,"href":"https:\/\/vinasfm.com\/noticias\/wp-json\/wp\/v2\/media\/146713"}],"wp:attachment":[{"href":"https:\/\/vinasfm.com\/noticias\/wp-json\/wp\/v2\/media?parent=146709"}],"wp:term":[{"taxonomy":"category","embeddable":true,"href":"https:\/\/vinasfm.com\/noticias\/wp-json\/wp\/v2\/categories?post=146709"},{"taxonomy":"post_tag","embeddable":true,"href":"https:\/\/vinasfm.com\/noticias\/wp-json\/wp\/v2\/tags?post=146709"}],"curies":[{"name":"wp","href":"https:\/\/api.w.org\/{rel}","templated":true}]}}