{"id":146663,"date":"2025-04-10T08:57:52","date_gmt":"2025-04-10T11:57:52","guid":{"rendered":"https:\/\/vinasfm.com\/noticias\/?p=146663"},"modified":"2025-04-10T11:43:17","modified_gmt":"2025-04-10T14:43:17","slug":"el-tren-minero-entre-neuquen-y-san-juan-depende-de-recuperar-las-trazas-a-san-rafael","status":"publish","type":"post","link":"https:\/\/vinasfm.com\/noticias\/el-tren-minero-entre-neuquen-y-san-juan-depende-de-recuperar-las-trazas-a-san-rafael\/","title":{"rendered":"EL \u201cTREN MINERO\u201d ENTRE NEUQU\u00c9N Y SAN JUAN DEPENDE DE RECUPERAR LAS TRAZAS A SAN RAFAEL"},"content":{"rendered":"<h4><span style=\"color: #000000;\">Por estos d\u00edas se dio a conocer un ambicioso proyecto de ferrocarriles que apunta a unir Neuqu\u00e9n con San Juan aprovechando el fuerte impulso que tienen estas dos provincias linderas a Mendoza.<\/span><\/h4>\n<p><span style=\"color: #000000;\">El proyecto conocido como<strong> \u201cMeridiano 68\u201d<\/strong> es una alternativa para aprovechar todo el potencial que muestran los<strong> \u201cvecinos\u201d<\/strong> pero, visto desde el lado mendocino, es una alternativa para recuperar las conexiones ferroviarias de la provincia, especialmente en la zona Sur.<\/span><\/p>\n<p><span style=\"color: #000000;\">Es que el proyecto apunta a salir desde Jachal hasta Albard\u00f3n, cruzar San Juan y Mendoza para llegar al norte de Neuqu\u00e9n, en una propuesta que se suma al proyecto del consorcio \u201cUni\u00f3n Pac\u00edfico\u201d que apunta a llegar con el ferrocarril desde La Pampa hasta el sur mendocino.<\/span><\/p>\n<p><span style=\"color: #000000;\">El proyecto quedar\u00eda inmerso en una zona de alta producci\u00f3n como es la miner\u00eda sanjuanina y los proyectos como Potasio R\u00edo Colorado y Vaca Muerta.<\/span><\/p>\n<h2 class=\"wp-block-heading\"><span style=\"color: #000000;\"><strong>EL TRAZADO<\/strong><\/span><\/h2>\n<p><span style=\"color: #000000;\">Desde San Juan el trazado ingresa a Mendoza por Caucete y Palmira, llegando hasta la estaci\u00f3n Lencinas.<\/span><\/p>\n<p><span style=\"color: #000000;\">Desde all\u00ed toma el ramal a Monte Com\u00e1n hacia el sur que permitir\u00eda conectarse con General Alvear donde el proyecto se integra con Uni\u00f3n Pac\u00edfico, hacia San Rafael, Malargue, San Luis, La Pampa y Buenos Aires.<\/span><\/p>\n<figure class=\"wp-block-image size-large\"><span style=\"color: #000000;\"><img loading=\"lazy\" decoding=\"async\" class=\"wp-image-352628\" src=\"https:\/\/diariosanrafael.com.ar\/wp-content\/uploads\/2025\/04\/meridiano-733x1024.webp\" sizes=\"auto, (max-width: 733px) 100vw, 733px\" srcset=\"https:\/\/diariosanrafael.com.ar\/wp-content\/uploads\/2025\/04\/meridiano-733x1024.webp 733w, https:\/\/diariosanrafael.com.ar\/wp-content\/uploads\/2025\/04\/meridiano-215x300.webp 215w, https:\/\/diariosanrafael.com.ar\/wp-content\/uploads\/2025\/04\/meridiano-768x1073.webp 768w, https:\/\/diariosanrafael.com.ar\/wp-content\/uploads\/2025\/04\/meridiano-360x504.webp 360w, https:\/\/diariosanrafael.com.ar\/wp-content\/uploads\/2025\/04\/meridiano-750x1048.webp 750w, https:\/\/diariosanrafael.com.ar\/wp-content\/uploads\/2025\/04\/meridiano.webp 1000w\" alt=\"\" width=\"733\" height=\"1024\" data-pin-no-hover=\"true\" \/><\/span><\/figure>\n<p><span style=\"color: #000000;\">La novedad es un ramal que salga desde Alvear hacia el R\u00edo Colorado pasando por Pata Mora y Potasio R\u00edo Colorado para llegar hasta Rinc\u00f3n de los Sauces, A\u00f1elo, Loma Campana (Vaca Muerta) y continuar hasta Cutral-C\u00f3 y Plaza Huincul, Neuqu\u00e9n, donde se enlazar\u00e1 con el sistema ferroviario existente hacia Zapala, la Zona Franca, el Valle del R\u00edo Negro y Bah\u00eda Blanca.<\/span><\/p>\n<p><span style=\"color: #000000;\">En principio esto ser\u00e1 beneficioso para la industria minera, pero tambi\u00e9n est\u00e1 previsto para movilizar los productos de como vinos, aceite, aceitunas, pistacho y cales.<\/span><\/p>\n<p><span style=\"color: #000000;\">Es que el proyecto tambi\u00e9n deja abierta la posibilidad de desarrollar ferrocarriles hacia Chile, ya sea por Pino Hachado, por Pehuenche o Las Le\u00f1as.<\/span><\/p>\n<p><span style=\"color: #000000;\">Si bien la carga es la principal ambici\u00f3n, los trazados tambi\u00e9n ser\u00edan utilizables para tr\u00e1fico liviano como pasajeros y turismo. Se calcula que la inversi\u00f3n necesaria es de m\u00e1s de 1.500 millones de d\u00f3lares para todo el sistema.<\/span><\/p>\n","protected":false},"excerpt":{"rendered":"<p>Por estos d\u00edas se dio a conocer un ambicioso proyecto de ferrocarriles que apunta a unir Neuqu\u00e9n con San Juan aprovechando &#8230;<\/p>\n","protected":false},"author":7,"featured_media":146664,"comment_status":"open","ping_status":"open","sticky":false,"template":"","format":"standard","meta":{"footnotes":""},"categories":[5,10],"tags":[],"class_list":["post-146663","post","type-post","status-publish","format-standard","has-post-thumbnail","hentry","category-actualidad","category-destacadas"],"_links":{"self":[{"href":"https:\/\/vinasfm.com\/noticias\/wp-json\/wp\/v2\/posts\/146663","targetHints":{"allow":["GET"]}}],"collection":[{"href":"https:\/\/vinasfm.com\/noticias\/wp-json\/wp\/v2\/posts"}],"about":[{"href":"https:\/\/vinasfm.com\/noticias\/wp-json\/wp\/v2\/types\/post"}],"author":[{"embeddable":true,"href":"https:\/\/vinasfm.com\/noticias\/wp-json\/wp\/v2\/users\/7"}],"replies":[{"embeddable":true,"href":"https:\/\/vinasfm.com\/noticias\/wp-json\/wp\/v2\/comments?post=146663"}],"version-history":[{"count":1,"href":"https:\/\/vinasfm.com\/noticias\/wp-json\/wp\/v2\/posts\/146663\/revisions"}],"predecessor-version":[{"id":146665,"href":"https:\/\/vinasfm.com\/noticias\/wp-json\/wp\/v2\/posts\/146663\/revisions\/146665"}],"wp:featuredmedia":[{"embeddable":true,"href":"https:\/\/vinasfm.com\/noticias\/wp-json\/wp\/v2\/media\/146664"}],"wp:attachment":[{"href":"https:\/\/vinasfm.com\/noticias\/wp-json\/wp\/v2\/media?parent=146663"}],"wp:term":[{"taxonomy":"category","embeddable":true,"href":"https:\/\/vinasfm.com\/noticias\/wp-json\/wp\/v2\/categories?post=146663"},{"taxonomy":"post_tag","embeddable":true,"href":"https:\/\/vinasfm.com\/noticias\/wp-json\/wp\/v2\/tags?post=146663"}],"curies":[{"name":"wp","href":"https:\/\/api.w.org\/{rel}","templated":true}]}}