{"id":146657,"date":"2025-04-10T08:16:40","date_gmt":"2025-04-10T11:16:40","guid":{"rendered":"https:\/\/vinasfm.com\/noticias\/?p=146657"},"modified":"2025-04-10T10:31:16","modified_gmt":"2025-04-10T13:31:16","slug":"lograron-reinsertar-en-su-habitat-a-tortugas-y-cardenales-amarillos-rescatados-del-trafico-y-tenencia-ilegal","status":"publish","type":"post","link":"https:\/\/vinasfm.com\/noticias\/lograron-reinsertar-en-su-habitat-a-tortugas-y-cardenales-amarillos-rescatados-del-trafico-y-tenencia-ilegal\/","title":{"rendered":"LOGRARON REINSERTAR EN SU H\u00c1BITAT A TORTUGAS Y CARDENALES AMARILLOS RESCATADOS DEL TR\u00c1FICO Y TENENCIA ILEGAL"},"content":{"rendered":"<h4><span style=\"color: #000000;\">Las tortugas hab\u00edan sido recuperadas por Fauna Silvestre luego de un operativo conjunto con la Polic\u00eda Rural en General Alvear. Los cardenales fueron hallados en un domicilio, encerrados en jaulas peque\u00f1as y en condiciones sanitarias alarmantes.<\/span><\/h4>\n<p><span style=\"color: #000000;\">El <strong>Departamento de Fauna Silvestre de la Direcci\u00f3n de Biodiversidad y Ecoparque<\/strong> logr\u00f3 la reinserci\u00f3n de un grupo de tortugas terrestres (<em>Chelonoidis chilensis<\/em>) y cardenales amarillos (<em>Gubernatrix cristata<\/em>), dos especies protegidas que fueron rescatadas luego de operativos conjuntos entre el <strong>Ministerio de Energ\u00eda y Ambiente, Seguridad y Ministerio P\u00fablico Fiscal .<\/strong><\/span><\/p>\n<p><span style=\"color: #000000;\">Las tortugas terrestres, catalogadas como <em><strong>\u201cvulnerables\u201d<\/strong> <\/em>por la <strong>Uni\u00f3n Internacional para la Conservaci\u00f3n de la Naturaleza<\/strong> <em>(UICN)<\/em>, hab\u00edan sido halladas durante un operativo de control realizado por la Polic\u00eda de Seguridad Rural sobre una de las rutas de General Alvear.<\/span><\/p>\n<p><strong><span style=\"color: #000000;\">De inmediato se las decomis\u00f3 y se dispuso su atenci\u00f3n veterinaria, en un proceso que llev\u00f3 meses, para que en febrero pudieran volver a su h\u00e1bitat original, en el sur de San Rafael.<\/span><\/strong><\/p>\n<p><span style=\"color: #000000;\">En tanto, los cardenales amarillos fueron rescatados en condiciones deplorables en Bowen, General Alvear. Esta especie, que se encuentra protegida, no puede ni debe vivir en cautiverio. Pero los p\u00e1jaros fueron encontrados en jaulas muy peque\u00f1as, subsistiendo sobre su propia materia fecal y con dietas inadecuadas, lo que evidenci\u00f3 un claro caso de maltrato animal.<\/span><\/p>\n<p><img loading=\"lazy\" decoding=\"async\" class=\"\" src=\"https:\/\/www.mendoza.gov.ar\/wp-content\/uploads\/sites\/5\/2025\/04\/WhatsApp-Image-2025-04-09-at-15.44.06-1.jpeg\" width=\"344\" height=\"155\" \/> <img loading=\"lazy\" decoding=\"async\" class=\"\" src=\"https:\/\/www.mendoza.gov.ar\/wp-content\/uploads\/sites\/5\/2025\/04\/WhatsApp-Image-2025-04-09-at-15.44.08-3-e1744225333253-700x280.jpeg\" width=\"385\" height=\"154\" \/><\/p>\n<p><span style=\"color: #000000;\">Tras su rescate, <strong>los cardenales pasaron por una fase de rehabilitaci\u00f3n f\u00edsica, para disminuir su exceso de grasa corporal y recuperar su musculatura de vuelo.<\/strong><\/span><\/p>\n<p><span style=\"color: #000000;\">En una segunda etapa, <strong>se les adapt\u00f3 a su dieta natural y se les entren\u00f3 para reconocer a sus depredadores.<\/strong> Esta rehabilitaci\u00f3n fue clave para asegurar que los cardenales reinsertados puedan sobrevivir en la naturaleza y contribuir a la recuperaci\u00f3n de las poblaciones de la especie.<\/span><\/p>\n<p><span style=\"color: #000000;\">Finalmente, <em><strong>fueron reinsertados en General Alvear luego de haber terminado la temporada reproductiva, para no generar interferencia con los ejemplares residentes de la zona.<\/strong> <\/em>Al mismo tiempo, se les colocaron anillos de identificaci\u00f3n para su monitoreo.<\/span><\/p>\n<p><span style=\"color: #000000;\"><em><strong>\u201cEste trabajo conjunto refleja el compromiso del Ministerio de Energ\u00eda y Ambiente con la conservaci\u00f3n de nuestra fauna. Cada reinserci\u00f3n es un paso m\u00e1s hacia la recuperaci\u00f3n de las especies nativas que enfrentan serias amenazas. La colaboraci\u00f3n con otras instituciones como la Polic\u00eda de Seguridad Rural, Fundaci\u00f3n Temaik\u00e9n y Aves Argentinas, entre otras, es fundamental para el \u00e9xito de estas acciones\u201d<\/strong><\/em>, destac\u00f3 <span style=\"color: #003366;\"><strong>Ignacio Haudet<\/strong><\/span>, <em>director de Biodiversidad y Ecoparque.<\/em><\/span><\/p>\n<p><span style=\"color: #000000;\">Por su parte, <span style=\"color: #003366;\"><strong>Adri\u00e1n Gorrindo<\/strong><\/span>, <em>jefe del Departamento de Fauna Silvestre<\/em>, agreg\u00f3:<em><strong> \u201cLa reinserci\u00f3n de estos animales no solo busca restaurar su presencia en el ecosistema, sino tambi\u00e9n educar a la sociedad sobre la importancia de no mantener a estos animales en cautiverio. Las tortugas terrestres y los cardenales amarillos merecen vivir en libertad, tal como lo requiere su biolog\u00eda y sus necesidades de conservaci\u00f3n\u201d.<\/strong><\/em><\/span><\/p>\n<p><img decoding=\"async\" src=\"https:\/\/www.mendoza.gov.ar\/wp-content\/uploads\/sites\/5\/2025\/04\/WhatsApp-Image-2025-04-09-at-15.44.05-700x315.jpeg\" \/><\/p>\n<h2><span style=\"color: #000000;\"><strong>Colaboraci\u00f3n interinstitucional<\/strong><\/span><\/h2>\n<p><span style=\"color: #000000;\">Estos trabajos son posibles gracias a la labor coordinada del Departamento de Fauna Silvestre, la Polic\u00eda de Seguridad Rural, el Ministerio P\u00fablico Fiscal, la Fundaci\u00f3n Temaik\u00e9n, el Centro de Rescate YPF y la ONG Aves Argentinas, entre otros actores comprometidos con la conservaci\u00f3n.<\/span><\/p>\n<p><span style=\"color: #000000;\">Para m\u00e1s informaci\u00f3n, denuncias o consultas, se puede contactar al Departamento de Fauna Silvestre a trav\u00e9s de los siguientes canales:<\/span><\/p>\n<ul>\n<li><span style=\"color: #000000;\">Tel\u00e9fono: +54 0261 7503417<\/span><\/li>\n<li><span style=\"color: #000000;\">Email:fauna-drnr@mendoza.gov<\/span><\/li>\n<li><span style=\"color: #000000;\">P\u00e1gina web:<\/span>\u00a0<a href=\"http:\/\/www.mendoza.gov.ar\/biodiversidad\/fauna\">www.mendoza.gov.ar\/biodiversidad\/fauna<\/a>.<\/li>\n<li><span style=\"color: #000000;\">911.<\/span><\/li>\n<\/ul>\n","protected":false},"excerpt":{"rendered":"<p>Las tortugas hab\u00edan sido recuperadas por Fauna Silvestre luego de un operativo conjunto con la Polic\u00eda Rural en General Alvear. Los &#8230;<\/p>\n","protected":false},"author":7,"featured_media":146658,"comment_status":"open","ping_status":"open","sticky":false,"template":"","format":"standard","meta":{"footnotes":""},"categories":[5,10],"tags":[],"class_list":["post-146657","post","type-post","status-publish","format-standard","has-post-thumbnail","hentry","category-actualidad","category-destacadas"],"_links":{"self":[{"href":"https:\/\/vinasfm.com\/noticias\/wp-json\/wp\/v2\/posts\/146657","targetHints":{"allow":["GET"]}}],"collection":[{"href":"https:\/\/vinasfm.com\/noticias\/wp-json\/wp\/v2\/posts"}],"about":[{"href":"https:\/\/vinasfm.com\/noticias\/wp-json\/wp\/v2\/types\/post"}],"author":[{"embeddable":true,"href":"https:\/\/vinasfm.com\/noticias\/wp-json\/wp\/v2\/users\/7"}],"replies":[{"embeddable":true,"href":"https:\/\/vinasfm.com\/noticias\/wp-json\/wp\/v2\/comments?post=146657"}],"version-history":[{"count":1,"href":"https:\/\/vinasfm.com\/noticias\/wp-json\/wp\/v2\/posts\/146657\/revisions"}],"predecessor-version":[{"id":146659,"href":"https:\/\/vinasfm.com\/noticias\/wp-json\/wp\/v2\/posts\/146657\/revisions\/146659"}],"wp:featuredmedia":[{"embeddable":true,"href":"https:\/\/vinasfm.com\/noticias\/wp-json\/wp\/v2\/media\/146658"}],"wp:attachment":[{"href":"https:\/\/vinasfm.com\/noticias\/wp-json\/wp\/v2\/media?parent=146657"}],"wp:term":[{"taxonomy":"category","embeddable":true,"href":"https:\/\/vinasfm.com\/noticias\/wp-json\/wp\/v2\/categories?post=146657"},{"taxonomy":"post_tag","embeddable":true,"href":"https:\/\/vinasfm.com\/noticias\/wp-json\/wp\/v2\/tags?post=146657"}],"curies":[{"name":"wp","href":"https:\/\/api.w.org\/{rel}","templated":true}]}}