{"id":146648,"date":"2025-04-09T20:27:39","date_gmt":"2025-04-09T23:27:39","guid":{"rendered":"https:\/\/vinasfm.com\/noticias\/?p=146648"},"modified":"2025-04-10T10:22:14","modified_gmt":"2025-04-10T13:22:14","slug":"la-obra-del-gasoducto-del-sur-recalento-la-disputa-entre-el-intendente-de-san-rafael-y-el-gobierno","status":"publish","type":"post","link":"https:\/\/vinasfm.com\/noticias\/la-obra-del-gasoducto-del-sur-recalento-la-disputa-entre-el-intendente-de-san-rafael-y-el-gobierno\/","title":{"rendered":"LA OBRA DEL GASODUCTO DEL SUR RECALENT\u00d3 LA DISPUTA ENTRE EL INTENDENTE DE SAN RAFAEL Y EL GOBIERNO"},"content":{"rendered":"<div class=\"news-headline__article-summary\">\n<h4 class=\"ignore-parser\">Alejandro Molero anunci\u00f3 que Cornejo pagar\u00e1 lo que falta para terminar el gasoducto, pero desde San Rafael marcaron que lo debe pagar la Naci\u00f3n y que est\u00e1n en conciliaci\u00f3n por esa obra.<\/h4>\n<p>Qui\u00e9n pondr\u00e1 la plata para terminar la esperada obra del\u00a0gasoducto del Sur\u00a0y, por ende, qui\u00e9n se va a atribuir finalizar ese megaproyecto, es lo que recalent\u00f3 este mi\u00e9rcoles el enfrentamiento entre el gobierno provincial y el intendente peronista de San Rafael,\u00a0<strong>Omar F\u00e9lix,\u00a0<\/strong>discusi\u00f3n de la que tambi\u00e9n tom\u00f3 parte el otro\u00a0<strong>F\u00e9lix, Emir.<\/strong><\/p>\n<p>Es que este mi\u00e9rcoles, el intendente de General Alvear,<strong>\u00a0<\/strong>sorprendi\u00f3 a todos cuando anunci\u00f3 por sus redes que el Gobierno de la provincia financiar\u00eda los fondos que faltan para terminar ese gasoducto cuyo proyecto se inici\u00f3 en el 2018.<\/p>\n<p>Como la obra beneficiar\u00eda a unos 30.000 usuarios, entre ellos mayoritariamente vecinos de San Rafael, pero tambi\u00e9n algunos de General Alvear, el intendente alvearense se reuni\u00f3 con el gobernador<strong>\u00a0Alfredo Cornejo\u00a0<\/strong>y all\u00ed le habr\u00eda planteado la necesidad de que la Provincia financie el final de esa obra.<\/p>\n<p>En paralelo, el intendente alvearense se encarg\u00f3 de argumentar que la decisi\u00f3n del Gobierno de salir a financiar la obra, tambi\u00e9n se debi\u00f3 a que la obra del gasoducto \u00abexcede la capacidad de manejo del municipio\u00bb y la promesa del ex presidente Alberto Fern\u00e1ndez a San Rafael \u00abno se cumpli\u00f3\u00bb, en alusi\u00f3n a que el mandatario no envi\u00f3 los fondos necesarios para concluir la obra durante su mandato.<\/p>\n<p>Lo que Molero no especific\u00f3 en sus redes fue qu\u00e9 monto pondr\u00eda el Gobierno provincial.<\/p>\n<p>Para corroborar ese dato clave,<em><strong>\u00a0Diario UNO,<\/strong><\/em>\u00a0habl\u00f3 con el ministro de Gobierno,<strong>\u00a0Natalio Mema,<\/strong>\u00a0de quien depende la Subsecretar\u00eda de Infraestructura. \u00abLo que estamos diciendo es que el gobierno provincial est\u00e1 dispuesto a pagar lo que falta para terminar el gasoducto. La informaci\u00f3n precisa no est\u00e1, pero entendemos que son entre $5.000 millones y $7.000 millones que podr\u00edamos poner, para luego ver c\u00f3mo podemos recuperarlo\u00bb, especific\u00f3 el ministro.<\/p>\n<p>De c\u00f3mo se podr\u00eda recuperar esa inversi\u00f3n depender\u00e1 de donde saldr\u00edan los fondos. \u00abSi se puede recuperar, ese monto podr\u00eda salir del Fondo de Resarcimiento (lo que Mendoza cobr\u00f3 e iba a destinar a<strong>\u00a0Portezuelo del Viento<\/strong>) o en su defecto, si no se puede recuperar podr\u00eda salir de las arcas provinciales\u00bb, especul\u00f3 Mema.<\/p>\n<h2>\u00abMolero busca una ventaja pol\u00edtica, nunca pele\u00f3 por el gasoducto\u00bb<\/h2>\n<p>Apenas se conoci\u00f3 la noticia de que el Gobierno financiar\u00eda el final de obra del gasoducto, los primeros en reaccionar fueron el intendente de San Rafael,<strong>\u00a0Omar F\u00e9lix<\/strong>\u00a0y su hermano\u00a0<strong>Emir<\/strong>, que fue quien inici\u00f3 la obra del mentado gasoducto.<\/p>\n<p>\u00abNos llama la atenci\u00f3n que el intendente de General Alvear salga ahora a pelear por el gasoducto. Hace un a\u00f1o cuando esta obra se paraliz\u00f3 totalmente no lo vimos pelear por \u00e9l, parece que quiere sacar ventaja pol\u00edtica de esto, de otra manera habr\u00eda venido a la comuna, que es quien tiene el manejo de la obra a ofrecer sus gestiones o a ofrecer fondos. Si consigue algo para poder terminarlo bienvenido sea, pero suena a ventaja pol\u00edtica\u00bb, dispar\u00f3 Emir F\u00e9lix.<\/p>\n<p>El ex intendente y actual presidente del PJ, record\u00f3 que luego que cuando dej\u00f3 la intendencia la obra del gasoducto estaba al 80% y que su hermano Omar logr\u00f3 avanzar hasta el 90% \u00abpero despu\u00e9s\u00a0<strong>el gobierno de Javier Milei la fren\u00f3 del todo\u00a0<\/strong>y por eso tuvimos que acudir a la Justicia para que intercediera y as\u00ed logramos el fallo que oblig\u00f3 a la Naci\u00f3n a enviar $4.400 millones que fue el \u00faltimo pago que recibimos\u00bb.<\/p>\n<p>Seg\u00fan el ex intendente entre lo que la Naci\u00f3n a\u00fan le adeuda a la comuna, por fondos que puso la intendencia en la obra del gasoducto, m\u00e1s lo que resta terminar de la obra \u00absumar\u00edan unos $10.500 millones\u00bb por lo que lo no alcanzar\u00edan los montos que propuso Molero para poder terminarla.<\/p>\n<p>\u00abNosotros vemos con alegr\u00eda que Molero quiera ahora conseguir los fondos para terminar el gasoducto\u00bb, ironiz\u00f3\u00a0<strong>Emir F\u00e9lix<\/strong>, pero a la par record\u00f3 hace un a\u00f1o y justamente a ra\u00edz de que la obra nacional se paraliz\u00f3, la comuna decidi\u00f3 tomar la v\u00eda legal porque entendi\u00f3 que era la \u00fanica manera de poder concluirla.<\/p>\n<p>\u00abNos hubiese gustado que en ese momento Molero diera la batalla junto a San Rafael, pero lamentablemente no lo hizo\u00bb, cerr\u00f3 Emir.<\/p>\n<\/div>\n","protected":false},"excerpt":{"rendered":"<p>Alejandro Molero anunci\u00f3 que Cornejo pagar\u00e1 lo que falta para terminar el gasoducto, pero desde San Rafael marcaron que lo debe &#8230;<\/p>\n","protected":false},"author":7,"featured_media":146649,"comment_status":"open","ping_status":"open","sticky":false,"template":"","format":"standard","meta":{"footnotes":""},"categories":[5,10],"tags":[],"class_list":["post-146648","post","type-post","status-publish","format-standard","has-post-thumbnail","hentry","category-actualidad","category-destacadas"],"_links":{"self":[{"href":"https:\/\/vinasfm.com\/noticias\/wp-json\/wp\/v2\/posts\/146648","targetHints":{"allow":["GET"]}}],"collection":[{"href":"https:\/\/vinasfm.com\/noticias\/wp-json\/wp\/v2\/posts"}],"about":[{"href":"https:\/\/vinasfm.com\/noticias\/wp-json\/wp\/v2\/types\/post"}],"author":[{"embeddable":true,"href":"https:\/\/vinasfm.com\/noticias\/wp-json\/wp\/v2\/users\/7"}],"replies":[{"embeddable":true,"href":"https:\/\/vinasfm.com\/noticias\/wp-json\/wp\/v2\/comments?post=146648"}],"version-history":[{"count":1,"href":"https:\/\/vinasfm.com\/noticias\/wp-json\/wp\/v2\/posts\/146648\/revisions"}],"predecessor-version":[{"id":146650,"href":"https:\/\/vinasfm.com\/noticias\/wp-json\/wp\/v2\/posts\/146648\/revisions\/146650"}],"wp:featuredmedia":[{"embeddable":true,"href":"https:\/\/vinasfm.com\/noticias\/wp-json\/wp\/v2\/media\/146649"}],"wp:attachment":[{"href":"https:\/\/vinasfm.com\/noticias\/wp-json\/wp\/v2\/media?parent=146648"}],"wp:term":[{"taxonomy":"category","embeddable":true,"href":"https:\/\/vinasfm.com\/noticias\/wp-json\/wp\/v2\/categories?post=146648"},{"taxonomy":"post_tag","embeddable":true,"href":"https:\/\/vinasfm.com\/noticias\/wp-json\/wp\/v2\/tags?post=146648"}],"curies":[{"name":"wp","href":"https:\/\/api.w.org\/{rel}","templated":true}]}}