{"id":146635,"date":"2025-04-09T12:14:09","date_gmt":"2025-04-09T15:14:09","guid":{"rendered":"https:\/\/vinasfm.com\/noticias\/?p=146635"},"modified":"2025-04-10T10:02:49","modified_gmt":"2025-04-10T13:02:49","slug":"alertan-por-la-posible-presencia-de-victor-anibal-rodriguez","status":"publish","type":"post","link":"https:\/\/vinasfm.com\/noticias\/alertan-por-la-posible-presencia-de-victor-anibal-rodriguez\/","title":{"rendered":"ALERTAN POR LA POSIBLE PRESENCIA DE V\u00cdCTOR AN\u00cdBAL RODR\u00cdGUEZ EN ALVEAR"},"content":{"rendered":"<h4><span style=\"color: #000000;\">El mismo es buscado por el EXPTE. 37.496\/25 AV. ABUSO SEXUAL CON ACCESO CARNAL.<\/span><\/h4>\n<p><span style=\"color: #000000;\">Ante cualquier informaci\u00f3n, comunicarse a los tel\u00e9fonos 3857110 o al 0800-222-7627 de la Div. An\u00e1lisis Criminal &#8211; Direcci\u00f3n Gral. de Investigaciones.<\/span><\/p>\n<p><span style=\"color: #000000;\"><b>V\u00edctor An\u00edbal Rodr\u00edguez\u00a0<\/b>es un peligroso delincuente con reiterados antecedentes: estaba pr\u00f3fugo por manosear y vejar con acceso carnal a sus sobrinas menores de edad. Tambi\u00e9n tiene en su haber causas por\u00a0<b>lesiones, privaci\u00f3n ileg\u00edtima de la libertad; robos reiterados, lesiones y amenazas<\/b>, seg\u00fan fuentes del Ministerio de Seguridad.<\/span><\/p>\n<p><span style=\"color: #000000;\">Rodr\u00edguez est\u00e1 pr\u00f3fugo desde el 5 de noviembre de 2024 cuando le informaron que ten\u00edan dos denuncias en su contra por el caso de sus sobrinas y cuando sali\u00f3 de trabajar no regres\u00f3 a su casa. Sin embargo, el hombre segu\u00eda circulando libremente por Las Heras ya que fue as\u00ed que embosc\u00f3 y viol\u00f3 en una casa que alquilaba en la calla San Ram\u00f3n. Incluso, luego de este hecho cuando los investigadores empezaron a merodear su \u00faltimo domicilio para ver si lo ve\u00edan, le pidieron informaci\u00f3n a una joven de 17 a\u00f1os que dijo ser sobrina del sujeto y asegur\u00f3 que a ella tambi\u00e9n la viol\u00f3.<\/span><\/p>\n","protected":false},"excerpt":{"rendered":"<p>El mismo es buscado por el EXPTE. 37.496\/25 AV. ABUSO SEXUAL CON ACCESO CARNAL. Ante cualquier informaci\u00f3n, comunicarse a los tel\u00e9fonos &#8230;<\/p>\n","protected":false},"author":7,"featured_media":146636,"comment_status":"open","ping_status":"open","sticky":false,"template":"","format":"standard","meta":{"footnotes":""},"categories":[10,4],"tags":[],"class_list":["post-146635","post","type-post","status-publish","format-standard","has-post-thumbnail","hentry","category-destacadas","category-policiales"],"_links":{"self":[{"href":"https:\/\/vinasfm.com\/noticias\/wp-json\/wp\/v2\/posts\/146635","targetHints":{"allow":["GET"]}}],"collection":[{"href":"https:\/\/vinasfm.com\/noticias\/wp-json\/wp\/v2\/posts"}],"about":[{"href":"https:\/\/vinasfm.com\/noticias\/wp-json\/wp\/v2\/types\/post"}],"author":[{"embeddable":true,"href":"https:\/\/vinasfm.com\/noticias\/wp-json\/wp\/v2\/users\/7"}],"replies":[{"embeddable":true,"href":"https:\/\/vinasfm.com\/noticias\/wp-json\/wp\/v2\/comments?post=146635"}],"version-history":[{"count":3,"href":"https:\/\/vinasfm.com\/noticias\/wp-json\/wp\/v2\/posts\/146635\/revisions"}],"predecessor-version":[{"id":146673,"href":"https:\/\/vinasfm.com\/noticias\/wp-json\/wp\/v2\/posts\/146635\/revisions\/146673"}],"wp:featuredmedia":[{"embeddable":true,"href":"https:\/\/vinasfm.com\/noticias\/wp-json\/wp\/v2\/media\/146636"}],"wp:attachment":[{"href":"https:\/\/vinasfm.com\/noticias\/wp-json\/wp\/v2\/media?parent=146635"}],"wp:term":[{"taxonomy":"category","embeddable":true,"href":"https:\/\/vinasfm.com\/noticias\/wp-json\/wp\/v2\/categories?post=146635"},{"taxonomy":"post_tag","embeddable":true,"href":"https:\/\/vinasfm.com\/noticias\/wp-json\/wp\/v2\/tags?post=146635"}],"curies":[{"name":"wp","href":"https:\/\/api.w.org\/{rel}","templated":true}]}}