{"id":146626,"date":"2025-04-09T11:55:51","date_gmt":"2025-04-09T14:55:51","guid":{"rendered":"https:\/\/vinasfm.com\/noticias\/?p=146626"},"modified":"2025-04-10T10:03:29","modified_gmt":"2025-04-10T13:03:29","slug":"el-centro-movil-de-informacion-judicial-brindo-asesoramiento-juridico-a-los-vecinos-de-general-alvear","status":"publish","type":"post","link":"https:\/\/vinasfm.com\/noticias\/el-centro-movil-de-informacion-judicial-brindo-asesoramiento-juridico-a-los-vecinos-de-general-alvear\/","title":{"rendered":"EL CENTRO M\u00d3VIL DE INFORMACI\u00d3N JUDICIAL BRIND\u00d3 ASESORAMIENTO JUR\u00cdDICO A LOS VECINOS DE GENERAL ALVEAR"},"content":{"rendered":"<h4><span style=\"color: #000000;\">Esta iniciativa busca acercar el servicio de justicia a las comunidades m\u00e1s alejadas de la provincia de Mendoza.<\/span><\/h4>\n<p><span style=\"color: #000000;\">Durante la ma\u00f1ana de este mi\u00e9rcoles, el <strong>Centro M\u00f3vil de Informaci\u00f3n Judicial<\/strong> se instal\u00f3 en General Alvear, ofreciendo asesoramiento jur\u00eddico gratuito a los vecinos en dos puntos estrat\u00e9gicos: el <strong>Hospital Enfermeros Argentinos<\/strong>, ubicado en Emilio Civit 400, y la <strong>Delegaci\u00f3n Municipal del barrio San Carlos. <\/strong><\/span><\/p>\n<p><span style=\"color: #000000;\"><span style=\"color: #000080;\"><strong>Alejandra Rodr\u00edguez<\/strong><\/span>, <em>coordinadora del Centro M\u00f3vil<\/em>, destac\u00f3 la importancia de esta labor: <em><strong>\u201cEstamos brindando asesoramiento jur\u00eddico gratuito a todos los vecinos del barrio. Un equipo est\u00e1 trabajando aqu\u00ed y otro en el Hospital de Enfermeros Argentinos\u201d.<\/strong><\/em> Los temas abordados incluyen cuestiones de familia, laborales, civiles, penales y previsionales, con un enfoque especial en asuntos como alimentos, cuidado personal, r\u00e9gimen de comunicaci\u00f3n, divorcios y sucesiones.<\/span><\/p>\n<p><span style=\"color: #000000;\">Rodr\u00edguez aclar\u00f3 que el objetivo del equipo de abogados, proveniente de la ciudad de Mendoza, es orientar a los ciudadanos en los tr\u00e1mites que deben realizar, indic\u00e1ndoles d\u00f3nde y c\u00f3mo hacerlo, pero no se encargan de llevar a cabo los tr\u00e1mites en s\u00ed. <strong><em>\u201cSolamente nosotros orientamos a la persona en los tr\u00e1mites que tiene que realizar\u201d<\/em><\/strong>, afirm\u00f3.<\/span><\/p>\n<p><span style=\"color: #000000;\">La respuesta de la comunidad ha sido positiva, con un flujo constante de consultas. <strong><em>\u201cSon varias las consultas. La gente se est\u00e1 acercando. Esta ma\u00f1ana ya hemos tenido varias consultas de familia\u201d<\/em><\/strong>, coment\u00f3 Rodr\u00edguez. Adem\u00e1s, mencion\u00f3 un caso relacionado con ANSES que tambi\u00e9n fue motivo de consulta, evidenciando la diversidad de inquietudes que los vecinos traen al centro.<\/span><\/p>\n<p><span style=\"color: #000000;\">El <strong>Centro M\u00f3vil de Informaci\u00f3n Judicial<\/strong> no solo se limita a General Alvear. Rodr\u00edguez inform\u00f3 que ma\u00f1ana estar\u00e1n en San Rafael, con equipos distribuidos en el centro, en el kil\u00f3metro cero, as\u00ed como en Las Paredes y Cuadro Nacional. <em><strong>\u201cHemos estado tambi\u00e9n en Malargue. Recorremos un poquito todo durante una semana el sur de la provincia porque estamos m\u00e1s alejados\u201d<\/strong><\/em>, concluy\u00f3.<\/span><\/p>\n","protected":false},"excerpt":{"rendered":"<p>Esta iniciativa busca acercar el servicio de justicia a las comunidades m\u00e1s alejadas de la provincia de Mendoza. Durante la ma\u00f1ana &#8230;<\/p>\n","protected":false},"author":7,"featured_media":146627,"comment_status":"open","ping_status":"open","sticky":false,"template":"","format":"standard","meta":{"footnotes":""},"categories":[22,11],"tags":[],"class_list":["post-146626","post","type-post","status-publish","format-standard","has-post-thumbnail","hentry","category-justicia","category-sociales"],"_links":{"self":[{"href":"https:\/\/vinasfm.com\/noticias\/wp-json\/wp\/v2\/posts\/146626","targetHints":{"allow":["GET"]}}],"collection":[{"href":"https:\/\/vinasfm.com\/noticias\/wp-json\/wp\/v2\/posts"}],"about":[{"href":"https:\/\/vinasfm.com\/noticias\/wp-json\/wp\/v2\/types\/post"}],"author":[{"embeddable":true,"href":"https:\/\/vinasfm.com\/noticias\/wp-json\/wp\/v2\/users\/7"}],"replies":[{"embeddable":true,"href":"https:\/\/vinasfm.com\/noticias\/wp-json\/wp\/v2\/comments?post=146626"}],"version-history":[{"count":1,"href":"https:\/\/vinasfm.com\/noticias\/wp-json\/wp\/v2\/posts\/146626\/revisions"}],"predecessor-version":[{"id":146628,"href":"https:\/\/vinasfm.com\/noticias\/wp-json\/wp\/v2\/posts\/146626\/revisions\/146628"}],"wp:featuredmedia":[{"embeddable":true,"href":"https:\/\/vinasfm.com\/noticias\/wp-json\/wp\/v2\/media\/146627"}],"wp:attachment":[{"href":"https:\/\/vinasfm.com\/noticias\/wp-json\/wp\/v2\/media?parent=146626"}],"wp:term":[{"taxonomy":"category","embeddable":true,"href":"https:\/\/vinasfm.com\/noticias\/wp-json\/wp\/v2\/categories?post=146626"},{"taxonomy":"post_tag","embeddable":true,"href":"https:\/\/vinasfm.com\/noticias\/wp-json\/wp\/v2\/tags?post=146626"}],"curies":[{"name":"wp","href":"https:\/\/api.w.org\/{rel}","templated":true}]}}