{"id":146623,"date":"2025-04-09T11:26:18","date_gmt":"2025-04-09T14:26:18","guid":{"rendered":"https:\/\/vinasfm.com\/noticias\/?p=146623"},"modified":"2025-04-10T08:20:22","modified_gmt":"2025-04-10T11:20:22","slug":"el-expresidente-del-inv-envuelto-en-una-causa-por-contrabando","status":"publish","type":"post","link":"https:\/\/vinasfm.com\/noticias\/el-expresidente-del-inv-envuelto-en-una-causa-por-contrabando\/","title":{"rendered":"EL EXPRESIDENTE DEL INV ENVUELTO EN UNA CAUSA POR CONTRABANDO"},"content":{"rendered":"<h4><span style=\"color: #000000;\">La Comisi\u00f3n de Derechos y Garant\u00edas pidi\u00f3 a la Justicia Federal informaci\u00f3n de una causa que involucrar\u00eda a Guillermo Garc\u00eda<\/span><\/h4>\n<p><span style=\"color: #000000;\">La<strong> Comisi\u00f3n de Derechos y Garant\u00edas de la Honorable C\u00e1mara de Diputados de Mendoza<\/strong>,<\/span><br \/>\n<span style=\"color: #000000;\">presidida por el <strong><span style=\"color: #003366;\">Diputado Jos\u00e9 Luis Ram\u00f3n<\/span><\/strong>, hizo un pedido de informaci\u00f3n a la Secretar\u00eda Penal<\/span><br \/>\n<span style=\"color: #000000;\">n\u00b05 del Juzgado Federal n\u00famero 2 de la Provincia de San Juan, sobre la causa FMZ 27276\/2024<\/span><br \/>\n<span style=\"color: #000000;\">caratulada: <strong>\u201cIMPORTADORA VITIVIN\u00cdCOLA S.A. Y OTRO S\/CONTRABANDO ART 864. IMC. B \u2013<\/strong><\/span><strong><span style=\"color: #000000;\">C\u00d3DIGO ADUANERO\u201d.<\/span><\/strong><\/p>\n<p><span style=\"color: #000000;\">Al pedido de informe de la Comisi\u00f3n de Derechos y Garant\u00edas a la justicia Federal se le suma<\/span><br \/>\n<span style=\"color: #000000;\">otro realizado a la Fiscal\u00eda de la justicia mendocina a cargo del<span style=\"color: #003366;\"><strong> Dr. Juan Tichelli<\/strong><\/span> y al <span style=\"color: #003366;\"><strong>Fiscal en<\/strong><\/span><\/span><br \/>\n<span style=\"color: #000000;\"><span style=\"color: #003366;\"><strong>jefe Dr. Alejandro Iturbide<\/strong><\/span>, para conocer las pruebas de la imputaci\u00f3n de los Directivos de<\/span><br \/>\n<span style=\"color: #000000;\">Fecovita.<\/span><\/p>\n<p><span style=\"color: #000000;\">En el marco de la causa por supuesto contrabando, se realiz\u00f3 un allanamiento realizado el<\/span><br \/>\n<span style=\"color: #000000;\">27\/12\/2024 en el domicilio del expresidente del INV, <span style=\"color: #003366;\"><strong>Guillermo Garc\u00eda<\/strong><\/span>, donde se secuestraron<\/span><br \/>\n<span style=\"color: #000000;\">dos tel\u00e9fonos celulares, dos notebooks, cuadernos con anotaciones, libro de actas de la firma<\/span><br \/>\n<span style=\"color: #000000;\">INVER SA y documentos con firma y sello como apoderado de ISBER LLC, AISA, IBERTE, ERIS LLC<\/span><br \/>\n<span style=\"color: #000000;\">y presidente de CALICANTO, SOLAR S.A. Y EXPORTADORA VITIVIN\u00cdCOLA (EVISA).<\/span><\/p>\n<p><strong><span style=\"color: #000000;\">Todas las empresas antes mencionadas pertenecen a Aisa Group, cuyo propietario es el<\/span><\/strong><br \/>\n<strong><span style=\"color: #000000;\">espa\u00f1ol Juan Jos\u00e9 Retamero, a excepci\u00f3n de IBERTE que no ha presentado balances ni en 2023 <\/span><\/strong><strong><span style=\"color: #000000;\">ni 2024, por lo que habr\u00eda dejado de existir. El \u00faltimo balance fue el 2022 y all\u00ed expresan las <\/span><\/strong><strong><span style=\"color: #000000;\">ventas de las acciones de EVISA.<\/span><\/strong><\/p>\n<p><span style=\"color: #000000;\">Seg\u00fan el Bolet\u00edn Oficial de Mendoza la empresa INVER S.A. se constituy\u00f3 en la provincia<\/span><br \/>\n<span style=\"color: #000000;\">cuyana el 22\/02\/2022 y su principal socio es la empresa eslovaca IBERTE, la empresa que est\u00e1<\/span><br \/>\n<span style=\"color: #000000;\">en conflicto con Fecovita. <strong>Su presidente es Guillermo Garc\u00eda, vicepresidente Juan Jos\u00e9<\/strong><\/span><br \/>\n<strong><span style=\"color: #000000;\">Retamero y como s\u00edndico suplente aparece Gabriel Bertranou, excoordinador de Asuntos<\/span><\/strong><br \/>\n<strong><span style=\"color: #000000;\">Jur\u00eddicos del Instituto Nacional de Vitivinicultura, que fue apartado de sus funciones en el<\/span><\/strong><br \/>\n<span style=\"color: #000000;\"><strong>organismo por incompatibilidad en sus funciones.<\/strong> En la c\u00e1mara de comercio de San Juan<\/span><br \/>\n<span style=\"color: #000000;\">aparece como apoderado de la firma, Marcelo Alos, exministro de Producci\u00f3n y Desarrollo<\/span><br \/>\n<span style=\"color: #000000;\">econ\u00f3mico de la Provincia de San Juan y exgerente de la unidad Resero de Fecovita.<\/span><\/p>\n<p><span style=\"color: #000000;\">Adem\u00e1s de Fecovita, IBERTE mantiene litigios en la vitivinicultura con Fraccionadora San Juan,<\/span><br \/>\n<span style=\"color: #000000;\">Jugos Australes y Bodegas Gal\u00e1n. Desde el comienzo de estos conflictos, ni Guillermo Garc\u00eda ni<\/span><br \/>\n<span style=\"color: #000000;\">Juan Jos\u00e9 Retamero han hecho declaraciones ni entrevistas. Prefieren hablar a trav\u00e9s de sus<\/span><br \/>\n<span style=\"color: #000000;\">abogados y no exponerse a la opini\u00f3n p\u00fablica.<\/span><\/p>\n<p><span style=\"color: #000000;\">Desde Fecovita <strong>aseguran que est\u00e1n consultando por Retamero en Espa\u00f1a y nadie lo conoce.<\/strong><\/span><br \/>\n<strong><span style=\"color: #000000;\">S\u00f3lo se ha encontrado noticias del 2013 donde habr\u00eda quebrado una distribuidora de vinos<\/span><\/strong><br \/>\n<strong><span style=\"color: #000000;\">dejando deudas por varios millones de euros. Tambi\u00e9n viajaron a Eslovaquia, sede de IBERTE, y<\/span><\/strong><br \/>\n<strong><span style=\"color: #000000;\">no encontraron oficinas, s\u00f3lo un buz\u00f3n postal.<\/span><\/strong><\/p>\n<p><span style=\"color: #000000;\">En la causa IBERTE-Fecovita, se espera la decisi\u00f3n del Comit\u00e9 Arbitral de la Bolsa de Comercio<\/span><br \/>\n<span style=\"color: #000000;\">de Buenos Aires para determinar qui\u00e9n le debe a qui\u00e9n. Mientras tanto, IBERTE insiste con<\/span><br \/>\n<span style=\"color: #000000;\">denuncias penales para desviar el fondo del tema: Un conflicto comercial. \u00bfO acaso existen<\/span><br \/>\n<span style=\"color: #000000;\">otros intereses?<\/span><\/p>\n","protected":false},"excerpt":{"rendered":"<p>La Comisi\u00f3n de Derechos y Garant\u00edas pidi\u00f3 a la Justicia Federal informaci\u00f3n de una causa que involucrar\u00eda a Guillermo Garc\u00eda La &#8230;<\/p>\n","protected":false},"author":7,"featured_media":146624,"comment_status":"open","ping_status":"open","sticky":false,"template":"","format":"standard","meta":{"footnotes":""},"categories":[10,22],"tags":[],"class_list":["post-146623","post","type-post","status-publish","format-standard","has-post-thumbnail","hentry","category-destacadas","category-justicia"],"_links":{"self":[{"href":"https:\/\/vinasfm.com\/noticias\/wp-json\/wp\/v2\/posts\/146623","targetHints":{"allow":["GET"]}}],"collection":[{"href":"https:\/\/vinasfm.com\/noticias\/wp-json\/wp\/v2\/posts"}],"about":[{"href":"https:\/\/vinasfm.com\/noticias\/wp-json\/wp\/v2\/types\/post"}],"author":[{"embeddable":true,"href":"https:\/\/vinasfm.com\/noticias\/wp-json\/wp\/v2\/users\/7"}],"replies":[{"embeddable":true,"href":"https:\/\/vinasfm.com\/noticias\/wp-json\/wp\/v2\/comments?post=146623"}],"version-history":[{"count":1,"href":"https:\/\/vinasfm.com\/noticias\/wp-json\/wp\/v2\/posts\/146623\/revisions"}],"predecessor-version":[{"id":146625,"href":"https:\/\/vinasfm.com\/noticias\/wp-json\/wp\/v2\/posts\/146623\/revisions\/146625"}],"wp:featuredmedia":[{"embeddable":true,"href":"https:\/\/vinasfm.com\/noticias\/wp-json\/wp\/v2\/media\/146624"}],"wp:attachment":[{"href":"https:\/\/vinasfm.com\/noticias\/wp-json\/wp\/v2\/media?parent=146623"}],"wp:term":[{"taxonomy":"category","embeddable":true,"href":"https:\/\/vinasfm.com\/noticias\/wp-json\/wp\/v2\/categories?post=146623"},{"taxonomy":"post_tag","embeddable":true,"href":"https:\/\/vinasfm.com\/noticias\/wp-json\/wp\/v2\/tags?post=146623"}],"curies":[{"name":"wp","href":"https:\/\/api.w.org\/{rel}","templated":true}]}}