{"id":146589,"date":"2025-04-09T08:18:04","date_gmt":"2025-04-09T11:18:04","guid":{"rendered":"https:\/\/vinasfm.com\/noticias\/?p=146589"},"modified":"2025-04-09T11:30:23","modified_gmt":"2025-04-09T14:30:23","slug":"reinsertaran-gavilanes-en-carmensa-para-controlar-la-invasion-de-loros-barranqueros","status":"publish","type":"post","link":"https:\/\/vinasfm.com\/noticias\/reinsertaran-gavilanes-en-carmensa-para-controlar-la-invasion-de-loros-barranqueros\/","title":{"rendered":"REINSERTAR\u00c1N GAVILANES EN CARMENSA PARA CONTROLAR LA INVASI\u00d3N DE LOROS BARRANQUEROS"},"content":{"rendered":"<h4>El pr\u00f3ximo jueves, el distrito del sur ser\u00e1 testigo de un importante evento ambiental: la reinserci\u00f3n de tres gavilanes, aves rapaces que desempe\u00f1an un papel crucial como controladores biol\u00f3gicos en el ecosistema local. La iniciativa busca abordar un problema creciente en la zona: la invasi\u00f3n de loros barranqueros.<\/h4>\n<p>El <em>asesor de Gesti\u00f3n Ambiental<\/em> <span style=\"color: #003366;\"><strong>Denis Rabanal<\/strong><\/span> explic\u00f3 que estos gavilanes son aves nativas del sur de la provincia y no se trata de una especie ex\u00f3tica. <strong><em>\u201cLa reinserci\u00f3n viene principalmente porque son aves que sirven como controladores biol\u00f3gicos\u201d<\/em><\/strong>, afirm\u00f3. La presencia de loros en la regi\u00f3n ha generado<strong> m\u00faltiples reclamos por parte de los vecinos<\/strong>, quienes <strong>han reportado inconvenientes relacionados con el ruido y la salud p\u00fablica<\/strong>, dado que las aves pueden afectar la calidad del ambiente con su materia fecal.<\/p>\n<p>El Asesor hizo un llamado a la comunidad para que cuide y proteja a los gavilanes, recordando que, en ocasiones anteriores, tras la reinserci\u00f3n de aves rapaces, algunos ejemplares fueron objeto de agresiones, como disparos con aire comprimido o piedras. <em><strong>\u201cEs muy importante mantener y cuidar esta especie para poder controlar el ecosistema y evitar que siga aumentando la poblaci\u00f3n de loros en la zona\u201d<\/strong><\/em>, enfatiz\u00f3 Rabanal.<\/p>\n<p><img decoding=\"async\" class=\"aligncenter\" src=\"https:\/\/cdn.download.ams.birds.cornell.edu\/api\/v2\/asset\/436800121\/640\" alt=\"Loro Barranquero - eBird\" \/><\/p>\n<h6 style=\"text-align: center;\">Los loros barranqueros causan molestias por los ruidos y los excrementos distribuidos en el espacio p\u00fablico.<\/h6>\n<p><strong><span style=\"color: #003366;\">Juan Pablo Coniglione<\/span><\/strong>, <em>veterinario de la Direcci\u00f3n de Recursos Naturales<\/em>, tambi\u00e9n particip\u00f3 en la explicaci\u00f3n del proceso de reinserci\u00f3n. Detall\u00f3 que los gavilanes mistos que se reinsertar\u00e1n han sido rehabilitados y provienen de la zona de General Alvear. <em><strong>\u201cSe pretende reinsertarlos en un \u00e1rea donde se est\u00e1n teniendo inconvenientes con las poblaciones de loros barranqueros, que son beneficiosos para la regeneraci\u00f3n de los campos, pero que, al no tener sus predadores naturales, han crecido desmesuradamente\u201d<\/strong><\/em>, explic\u00f3.<\/p>\n<p>Coniglione subray\u00f3 que la reinserci\u00f3n de los gavilanes no eliminar\u00e1 por completo el conflicto con los loros, pero s\u00ed ayudar\u00e1 a disminuirlo. <strong><em>\u201cLo que tenemos que aprender es a convivir con todos estos ejemplares de la fauna silvestre, porque su presencia es sin\u00f3nimo de salud ambiental\u201d<\/em><\/strong>, agreg\u00f3.<\/p>\n<p>Para reforzar la concientizaci\u00f3n sobre la importancia de cuidar a estas aves, el equipo de gesti\u00f3n ambiental visitar\u00e1 las escuelas de Carmensa, tanto primarias como secundarias, para compartir informaci\u00f3n sobre el rol de los gavilanes en el ecosistema y la necesidad de protegerlos.<\/p>\n<p>La reinserci\u00f3n de estos gavilanes<em><strong> representa un esfuerzo significativo por parte de las autoridades locales para restaurar el equilibrio ecol\u00f3gico en la regi\u00f3n y promover una convivencia arm\u00f3nica entre la fauna silvestre y la comunidad.<\/strong><\/em> Con el apoyo de los vecinos, se espera que esta iniciativa contribuya a un entorno m\u00e1s saludable.<\/p>\n","protected":false},"excerpt":{"rendered":"<p>El pr\u00f3ximo jueves, el distrito del sur ser\u00e1 testigo de un importante evento ambiental: la reinserci\u00f3n de tres gavilanes, aves rapaces &#8230;<\/p>\n","protected":false},"author":7,"featured_media":146591,"comment_status":"open","ping_status":"open","sticky":false,"template":"","format":"standard","meta":{"footnotes":""},"categories":[10,192],"tags":[],"class_list":["post-146589","post","type-post","status-publish","format-standard","has-post-thumbnail","hentry","category-destacadas","category-gestion-ambiental"],"_links":{"self":[{"href":"https:\/\/vinasfm.com\/noticias\/wp-json\/wp\/v2\/posts\/146589","targetHints":{"allow":["GET"]}}],"collection":[{"href":"https:\/\/vinasfm.com\/noticias\/wp-json\/wp\/v2\/posts"}],"about":[{"href":"https:\/\/vinasfm.com\/noticias\/wp-json\/wp\/v2\/types\/post"}],"author":[{"embeddable":true,"href":"https:\/\/vinasfm.com\/noticias\/wp-json\/wp\/v2\/users\/7"}],"replies":[{"embeddable":true,"href":"https:\/\/vinasfm.com\/noticias\/wp-json\/wp\/v2\/comments?post=146589"}],"version-history":[{"count":2,"href":"https:\/\/vinasfm.com\/noticias\/wp-json\/wp\/v2\/posts\/146589\/revisions"}],"predecessor-version":[{"id":146592,"href":"https:\/\/vinasfm.com\/noticias\/wp-json\/wp\/v2\/posts\/146589\/revisions\/146592"}],"wp:featuredmedia":[{"embeddable":true,"href":"https:\/\/vinasfm.com\/noticias\/wp-json\/wp\/v2\/media\/146591"}],"wp:attachment":[{"href":"https:\/\/vinasfm.com\/noticias\/wp-json\/wp\/v2\/media?parent=146589"}],"wp:term":[{"taxonomy":"category","embeddable":true,"href":"https:\/\/vinasfm.com\/noticias\/wp-json\/wp\/v2\/categories?post=146589"},{"taxonomy":"post_tag","embeddable":true,"href":"https:\/\/vinasfm.com\/noticias\/wp-json\/wp\/v2\/tags?post=146589"}],"curies":[{"name":"wp","href":"https:\/\/api.w.org\/{rel}","templated":true}]}}