{"id":146585,"date":"2025-04-08T20:08:49","date_gmt":"2025-04-08T23:08:49","guid":{"rendered":"https:\/\/vinasfm.com\/noticias\/?p=146585"},"modified":"2025-04-09T10:09:40","modified_gmt":"2025-04-09T13:09:40","slug":"iniciaran-las-tareas-de-limpieza-en-las-centrales-hidroelectricas-de-los-nihuiles","status":"publish","type":"post","link":"https:\/\/vinasfm.com\/noticias\/iniciaran-las-tareas-de-limpieza-en-las-centrales-hidroelectricas-de-los-nihuiles\/","title":{"rendered":"INICIAR\u00c1N LAS TAREAS DE LIMPIEZA EN LAS CENTRALES HIDROEL\u00c9CTRICAS DE LOS NIHUILES"},"content":{"rendered":"<h4>A casi tres meses de la crecida en el Ca\u00f1\u00f3n del Atuel que gener\u00f3 grav\u00edsimos da\u00f1os en las centrales hidroel\u00e9ctricas de Los Nihuiles se empieza a programar el trabajo de limpieza en la zona afectada por el aluvi\u00f3n.<\/h4>\n<p>En estricto silencio se est\u00e1n organizando las convocatorias para sumar personal que pueda trabajar en el Ca\u00f1\u00f3n del Atuel. <strong>En el lugar se realizar\u00e1 desmalezado y limpieza de los predios de las centrales II y III que quedaron bajo arrastre de fango que dej\u00f3 la inundaci\u00f3n<\/strong>.<\/p>\n<p>Seg\u00fan se logr\u00f3 conocer, se contratar\u00e1n unas 40 personas para llevar a cabo esta primera tarea, que no ser\u00e1 para nada sencilla.<\/p>\n<p><strong>Se especula que esto se pueda realizar en el corto plazo, una vez que los trabajos en Vialidad Provincial permitan habilitar el tramo de Ruta 173 aunque sea para el paso de los veh\u00edculos.<\/strong><\/p>\n<p>Los equipos de la DPV vienen trabajando a todo ritmo para poder habilitar el trazado de unos 15 kil\u00f3metros para la circulaci\u00f3n de los equipos.<\/p>\n<p>Se trata de un paso m\u00e1s que importante para avanzar en la mirada de las empresas de seguros para tasar los da\u00f1os y -posteriormente- comenzar las tareas de recuperaci\u00f3n de ambas centrales, fundamentales para la generaci\u00f3n de energ\u00eda y del sur mendocino.<\/p>\n","protected":false},"excerpt":{"rendered":"<p>A casi tres meses de la crecida en el Ca\u00f1\u00f3n del Atuel que gener\u00f3 grav\u00edsimos da\u00f1os en las centrales hidroel\u00e9ctricas de &#8230;<\/p>\n","protected":false},"author":7,"featured_media":146586,"comment_status":"open","ping_status":"open","sticky":false,"template":"","format":"standard","meta":{"footnotes":""},"categories":[5,10],"tags":[],"class_list":["post-146585","post","type-post","status-publish","format-standard","has-post-thumbnail","hentry","category-actualidad","category-destacadas"],"_links":{"self":[{"href":"https:\/\/vinasfm.com\/noticias\/wp-json\/wp\/v2\/posts\/146585","targetHints":{"allow":["GET"]}}],"collection":[{"href":"https:\/\/vinasfm.com\/noticias\/wp-json\/wp\/v2\/posts"}],"about":[{"href":"https:\/\/vinasfm.com\/noticias\/wp-json\/wp\/v2\/types\/post"}],"author":[{"embeddable":true,"href":"https:\/\/vinasfm.com\/noticias\/wp-json\/wp\/v2\/users\/7"}],"replies":[{"embeddable":true,"href":"https:\/\/vinasfm.com\/noticias\/wp-json\/wp\/v2\/comments?post=146585"}],"version-history":[{"count":1,"href":"https:\/\/vinasfm.com\/noticias\/wp-json\/wp\/v2\/posts\/146585\/revisions"}],"predecessor-version":[{"id":146587,"href":"https:\/\/vinasfm.com\/noticias\/wp-json\/wp\/v2\/posts\/146585\/revisions\/146587"}],"wp:featuredmedia":[{"embeddable":true,"href":"https:\/\/vinasfm.com\/noticias\/wp-json\/wp\/v2\/media\/146586"}],"wp:attachment":[{"href":"https:\/\/vinasfm.com\/noticias\/wp-json\/wp\/v2\/media?parent=146585"}],"wp:term":[{"taxonomy":"category","embeddable":true,"href":"https:\/\/vinasfm.com\/noticias\/wp-json\/wp\/v2\/categories?post=146585"},{"taxonomy":"post_tag","embeddable":true,"href":"https:\/\/vinasfm.com\/noticias\/wp-json\/wp\/v2\/tags?post=146585"}],"curies":[{"name":"wp","href":"https:\/\/api.w.org\/{rel}","templated":true}]}}