{"id":146575,"date":"2025-04-08T12:25:46","date_gmt":"2025-04-08T15:25:46","guid":{"rendered":"https:\/\/vinasfm.com\/noticias\/?p=146575"},"modified":"2025-04-09T10:09:58","modified_gmt":"2025-04-09T13:09:58","slug":"el-grupo-scout-san-jose-lanza-la-campana-abrigo-solidario-para-ayudar-a-quienes-mas-lo-necesitan","status":"publish","type":"post","link":"https:\/\/vinasfm.com\/noticias\/el-grupo-scout-san-jose-lanza-la-campana-abrigo-solidario-para-ayudar-a-quienes-mas-lo-necesitan\/","title":{"rendered":"EL GRUPO SCOUT SAN JOS\u00c9 LANZA LA CAMPA\u00d1A \u00abABRIGO SOLIDARIO\u00bb PARA AYUDAR A QUIENES M\u00c1S LO NECESITAN"},"content":{"rendered":"<h4 data-sourcepos=\"3:1-3:417\"><span style=\"color: #000000;\">El Grupo <span class=\"error misspelling\" title=\"Se ha encontrado un posible error ortogr\u00e1fico.\" data-type=\"misspelling\" data-suggestions=\"[{&quot;value&quot;:&quot;Scott&quot;}]\" data-rule=\"MORFOLOGIK_RULE_ES\" data-word=\"Scout\">Scout<\/span> San Jos\u00e9 ha puesto en marcha una noble iniciativa denominada <em><span class=\"grammar correction\" title=\"En una tipograf\u00eda cuidada, use comillas tipogr\u00e1ficas.\" data-type=\"grammar\" data-suggestions=\"[{&quot;value&quot;:&quot;\u201c&quot;},{&quot;value&quot;:&quot;\u00ab&quot;}]\" data-rule=\"COMILLAS_TIPOGRAFICAS\" data-word=\"&quot;\">\u00ab<\/span>Abrigo Solidario<span class=\"grammar correction\" title=\"En una tipograf\u00eda cuidada, use comillas tipogr\u00e1ficas.\" data-type=\"grammar\" data-suggestions=\"[{&quot;value&quot;:&quot;\u201d&quot;},{&quot;value&quot;:&quot;\u00bb&quot;}]\" data-rule=\"COMILLAS_TIPOGRAFICAS\" data-word=\"&quot;\">\u00bb<\/span><\/em>, una campa\u00f1a de recolecci\u00f3n de ropa de abrigo de invierno destinada a personas de la comunidad que m\u00e1s lo necesitan. La convocatoria busca reunir buzos, remeras, pantalones, colchas, zapatillas y medias en buen estado para enfrentar las bajas temperaturas de la estaci\u00f3n.<\/span><\/h4>\n<p data-sourcepos=\"3:1-3:417\"><span style=\"color: #000000;\"><strong><span style=\"color: #003366;\"> Lautaro<\/span><\/strong>, miembro del Grupo Scout, explic\u00f3 el origen de la campa\u00f1a: <em><strong><span class=\"grammar correction\" title=\"En una tipograf\u00eda cuidada, use comillas tipogr\u00e1ficas.\" data-type=\"grammar\" data-suggestions=\"[{&quot;value&quot;:&quot;\u201c&quot;},{&quot;value&quot;:&quot;\u00ab&quot;}]\" data-rule=\"COMILLAS_TIPOGRAFICAS\" data-word=\"&quot;\">\u201c<\/span>La idea naci\u00f3 del hecho de que muchas personas, sobre todo en invierno, debido a diferentes situaciones, ya <span class=\"grammar correction\" title=\"Posible error de concordancia.\" data-type=\"grammar\" data-suggestions=\"[{&quot;value&quot;:&quot;sea econ\u00f3mica&quot;},{&quot;value&quot;:&quot;seamos econ\u00f3micas&quot;},{&quot;value&quot;:&quot;sean econ\u00f3micas&quot;}]\" data-rule=\"AGREEMENT_SER_ADJ_SG\" data-word=\"sea econ\u00f3micas\">sean econ\u00f3micas<\/span> o diversas \u00edndoles, no han podido o no tienen la capacidad de acceder a lo que es ropa abrigada de invierno, ya sea tanto para uso personal o ropa de cama<span class=\"grammar correction\" title=\"En una tipograf\u00eda cuidada, use comillas tipogr\u00e1ficas.\" data-type=\"grammar\" data-suggestions=\"[{&quot;value&quot;:&quot;\u201d&quot;},{&quot;value&quot;:&quot;\u00bb&quot;}]\" data-rule=\"COMILLAS_TIPOGRAFICAS\" data-word=\"&quot;\">\u201d<\/span>. <\/strong><\/em><\/span><\/p>\n<p data-sourcepos=\"3:1-3:417\"><span style=\"color: #000000;\">El joven scout hizo un llamado a la solidaridad de la comunidad: <strong><em><span class=\"grammar correction\" title=\"En una tipograf\u00eda cuidada, use comillas tipogr\u00e1ficas.\" data-type=\"grammar\" data-suggestions=\"[{&quot;value&quot;:&quot;\u201c&quot;},{&quot;value&quot;:&quot;\u00ab&quot;}]\" data-rule=\"COMILLAS_TIPOGRAFICAS\" data-word=\"&quot;\">\u201c<\/span>Aquellas personas que tengan ropa en desuso nos la puede entregar para hacer la redistribuci\u00f3n<span class=\"grammar correction\" title=\"En una tipograf\u00eda cuidada, use comillas tipogr\u00e1ficas.\" data-type=\"grammar\" data-suggestions=\"[{&quot;value&quot;:&quot;\u201d&quot;},{&quot;value&quot;:&quot;\u00bb&quot;}]\" data-rule=\"COMILLAS_TIPOGRAFICAS\" data-word=\"&quot;\">\u201d<\/span><\/em><\/strong>. El propio grupo se encargar\u00e1 de reacondicionar las prendas en el caso de contar con roturas.<\/span><\/p>\n<p data-sourcepos=\"3:1-3:417\"><span style=\"color: #000000;\"> Por su parte, <strong><span style=\"color: #003366;\">Agustina<\/span><\/strong> detall\u00f3 los puntos de recepci\u00f3n de las donaciones: <em><strong><span class=\"grammar correction\" title=\"En una tipograf\u00eda cuidada, use comillas tipogr\u00e1ficas.\" data-type=\"grammar\" data-suggestions=\"[{&quot;value&quot;:&quot;\u201c&quot;},{&quot;value&quot;:&quot;\u00ab&quot;}]\" data-rule=\"COMILLAS_TIPOGRAFICAS\" data-word=\"&quot;\">\u201c<\/span>Tenemos cinco lugares que son las tres parroquias Sagrado Coraz\u00f3n, San Jos\u00e9 y F\u00e1tima, la Capilla Antonia Mar\u00eda<\/strong> <span class=\"error misspelling\" title=\"Se ha encontrado un posible error ortogr\u00e1fico.\" data-type=\"misspelling\" data-suggestions=\"[{&quot;value&quot;:&quot;Vena&quot;},{&quot;value&quot;:&quot;Vera&quot;},{&quot;value&quot;:&quot;Verla&quot;},{&quot;value&quot;:&quot;Ver\u00e1&quot;},{&quot;value&quot;:&quot;Ver\u00eda&quot;},{&quot;value&quot;:&quot;Verja&quot;},{&quot;value&quot;:&quot;Terna&quot;}]\" data-rule=\"MORFOLOGIK_RULE_ES\" data-word=\"Verna\">Verna<\/span> y la sede Scout en Paso de los Andes y Agust\u00edn \u00c1lvarez<span class=\"grammar correction\" title=\"En una tipograf\u00eda cuidada, use comillas tipogr\u00e1ficas.\" data-type=\"grammar\" data-suggestions=\"[{&quot;value&quot;:&quot;\u201d&quot;},{&quot;value&quot;:&quot;\u00bb&quot;}]\" data-rule=\"COMILLAS_TIPOGRAFICAS\" data-word=\"&quot;\">\u201d<\/span>.<\/em> Adem\u00e1s, para facilitar la colaboraci\u00f3n de quienes no puedan acercarse a estos puntos, se habilitaron dos n\u00fameros de tel\u00e9fono para coordinar el retiro de las donaciones: <span style=\"color: #0000ff;\"><strong>2625-551222<\/strong><\/span> y <strong><span style=\"color: #0000ff;\">2625-449944<\/span><\/strong>. La campa\u00f1a de recolecci\u00f3n se extender\u00e1 desde el 5 hasta el 21 de abril.<\/span><\/p>\n<p data-sourcepos=\"3:1-3:417\"><a href=\"https:\/\/vinasfm.com\/noticias\/wp-content\/uploads\/2025\/04\/IMG-20250408-WA0056.jpg\"><img loading=\"lazy\" decoding=\"async\" class=\"alignnone size-medium wp-image-146576\" src=\"https:\/\/vinasfm.com\/noticias\/wp-content\/uploads\/2025\/04\/IMG-20250408-WA0056-169x300.jpg\" alt=\"\" width=\"169\" height=\"300\" srcset=\"https:\/\/vinasfm.com\/noticias\/wp-content\/uploads\/2025\/04\/IMG-20250408-WA0056-169x300.jpg 169w, https:\/\/vinasfm.com\/noticias\/wp-content\/uploads\/2025\/04\/IMG-20250408-WA0056-576x1024.jpg 576w, https:\/\/vinasfm.com\/noticias\/wp-content\/uploads\/2025\/04\/IMG-20250408-WA0056-768x1366.jpg 768w, https:\/\/vinasfm.com\/noticias\/wp-content\/uploads\/2025\/04\/IMG-20250408-WA0056-864x1536.jpg 864w, https:\/\/vinasfm.com\/noticias\/wp-content\/uploads\/2025\/04\/IMG-20250408-WA0056.jpg 899w\" sizes=\"auto, (max-width: 169px) 100vw, 169px\" \/><\/a><\/p>\n<p data-sourcepos=\"3:1-3:417\"><span style=\"color: #000000;\">Finalmente, <strong><span style=\"color: #003366;\">Javier<\/span><\/strong> extendi\u00f3 una invitaci\u00f3n a los ni\u00f1os y j\u00f3venes de la comunidad que deseen sumarse al Grupo <span class=\"error misspelling\" title=\"Se ha encontrado un posible error ortogr\u00e1fico.\" data-type=\"misspelling\" data-suggestions=\"[{&quot;value&quot;:&quot;Scott&quot;}]\" data-rule=\"MORFOLOGIK_RULE_ES\" data-word=\"Scout\">Scout<\/span> San Jos\u00e9:<strong><em> <span class=\"grammar correction\" title=\"En una tipograf\u00eda cuidada, use comillas tipogr\u00e1ficas.\" data-type=\"grammar\" data-suggestions=\"[{&quot;value&quot;:&quot;\u201c&quot;},{&quot;value&quot;:&quot;\u00ab&quot;}]\" data-rule=\"COMILLAS_TIPOGRAFICAS\" data-word=\"&quot;\">\u201c<\/span>A partir de alrededor de los 7 u 8 a\u00f1os pueden comenzar a ser parte de la agrupaci\u00f3n<span class=\"grammar correction\" title=\"En una tipograf\u00eda cuidada, use comillas tipogr\u00e1ficas.\" data-type=\"grammar\" data-suggestions=\"[{&quot;value&quot;:&quot;\u201d&quot;},{&quot;value&quot;:&quot;\u00bb&quot;}]\" data-rule=\"COMILLAS_TIPOGRAFICAS\" data-word=\"&quot;\">\u201d<\/span>.<\/em><\/strong> As\u00ed mismo se\u00f1al\u00f3 que <strong><em><span class=\"grammar correction\" title=\"En una tipograf\u00eda cuidada, use comillas tipogr\u00e1ficas.\" data-type=\"grammar\" data-suggestions=\"[{&quot;value&quot;:&quot;\u201c&quot;},{&quot;value&quot;:&quot;\u00ab&quot;}]\" data-rule=\"COMILLAS_TIPOGRAFICAS\" data-word=\"&quot;\">\u201c<\/span>si bien hay cupos un poco limitados, los interesados pueden acercarse a la sede y consultar la disponibilidad<span class=\"grammar correction\" title=\"En una tipograf\u00eda cuidada, use comillas tipogr\u00e1ficas.\" data-type=\"grammar\" data-suggestions=\"[{&quot;value&quot;:&quot;\u201d&quot;},{&quot;value&quot;:&quot;\u00bb&quot;}]\" data-rule=\"COMILLAS_TIPOGRAFICAS\" data-word=\"&quot;\">\u201d<\/span>. <\/em><\/strong><\/span><\/p>\n<p data-sourcepos=\"3:1-3:417\"><span style=\"color: #000000;\">La campa\u00f1a <em><span class=\"grammar correction\" title=\"En una tipograf\u00eda cuidada, use comillas tipogr\u00e1ficas.\" data-type=\"grammar\" data-suggestions=\"[{&quot;value&quot;:&quot;\u201c&quot;},{&quot;value&quot;:&quot;\u00ab&quot;}]\" data-rule=\"COMILLAS_TIPOGRAFICAS\" data-word=\"&quot;\">\u00ab<\/span>Abrigo Solidario<span class=\"grammar correction\" title=\"En una tipograf\u00eda cuidada, use comillas tipogr\u00e1ficas.\" data-type=\"grammar\" data-suggestions=\"[{&quot;value&quot;:&quot;\u201d&quot;},{&quot;value&quot;:&quot;\u00bb&quot;}]\" data-rule=\"COMILLAS_TIPOGRAFICAS\" data-word=\"&quot;\">\u00bb<\/span><\/em> representa una valiosa oportunidad para que la comunidad de General Alvear se una en un gesto de solidaridad y brinde abrigo a quienes m\u00e1s lo necesitan durante el pr\u00f3ximo invierno. El Grupo <span class=\"error misspelling\" title=\"Se ha encontrado un posible error ortogr\u00e1fico.\" data-type=\"misspelling\" data-suggestions=\"[{&quot;value&quot;:&quot;Scott&quot;}]\" data-rule=\"MORFOLOGIK_RULE_ES\" data-word=\"Scout\">Scout<\/span> San Jos\u00e9 invita a todos a participar donando aquellas prendas que ya no utilizan y as\u00ed contribuir a hacer una diferencia en la vida de otros.<\/span><\/p>\n","protected":false},"excerpt":{"rendered":"<p>El Grupo Scout San Jos\u00e9 ha puesto en marcha una noble iniciativa denominada \u00abAbrigo Solidario\u00bb, una campa\u00f1a de recolecci\u00f3n de ropa &#8230;<\/p>\n","protected":false},"author":7,"featured_media":146578,"comment_status":"open","ping_status":"open","sticky":false,"template":"","format":"standard","meta":{"footnotes":""},"categories":[5,11],"tags":[],"class_list":["post-146575","post","type-post","status-publish","format-standard","has-post-thumbnail","hentry","category-actualidad","category-sociales"],"_links":{"self":[{"href":"https:\/\/vinasfm.com\/noticias\/wp-json\/wp\/v2\/posts\/146575","targetHints":{"allow":["GET"]}}],"collection":[{"href":"https:\/\/vinasfm.com\/noticias\/wp-json\/wp\/v2\/posts"}],"about":[{"href":"https:\/\/vinasfm.com\/noticias\/wp-json\/wp\/v2\/types\/post"}],"author":[{"embeddable":true,"href":"https:\/\/vinasfm.com\/noticias\/wp-json\/wp\/v2\/users\/7"}],"replies":[{"embeddable":true,"href":"https:\/\/vinasfm.com\/noticias\/wp-json\/wp\/v2\/comments?post=146575"}],"version-history":[{"count":3,"href":"https:\/\/vinasfm.com\/noticias\/wp-json\/wp\/v2\/posts\/146575\/revisions"}],"predecessor-version":[{"id":146583,"href":"https:\/\/vinasfm.com\/noticias\/wp-json\/wp\/v2\/posts\/146575\/revisions\/146583"}],"wp:featuredmedia":[{"embeddable":true,"href":"https:\/\/vinasfm.com\/noticias\/wp-json\/wp\/v2\/media\/146578"}],"wp:attachment":[{"href":"https:\/\/vinasfm.com\/noticias\/wp-json\/wp\/v2\/media?parent=146575"}],"wp:term":[{"taxonomy":"category","embeddable":true,"href":"https:\/\/vinasfm.com\/noticias\/wp-json\/wp\/v2\/categories?post=146575"},{"taxonomy":"post_tag","embeddable":true,"href":"https:\/\/vinasfm.com\/noticias\/wp-json\/wp\/v2\/tags?post=146575"}],"curies":[{"name":"wp","href":"https:\/\/api.w.org\/{rel}","templated":true}]}}