{"id":146555,"date":"2025-04-08T10:31:02","date_gmt":"2025-04-08T13:31:02","guid":{"rendered":"https:\/\/vinasfm.com\/noticias\/?p=146555"},"modified":"2025-04-09T08:46:31","modified_gmt":"2025-04-09T11:46:31","slug":"el-colegio-farmaceutico-de-mendoza-expreso-su-rechazo-a-la-implementacion-obligatoria-de-codigos-qr-en-farmacias","status":"publish","type":"post","link":"https:\/\/vinasfm.com\/noticias\/el-colegio-farmaceutico-de-mendoza-expreso-su-rechazo-a-la-implementacion-obligatoria-de-codigos-qr-en-farmacias\/","title":{"rendered":"EL COLEGIO FARMAC\u00c9UTICO DE MENDOZA EXPRES\u00d3 SU RECHAZO A LA IMPLEMENTACI\u00d3N OBLIGATORIA DE C\u00d3DIGOS QR EN FARMACIAS"},"content":{"rendered":"<h4><span class=\"sigijh_hlt\">La reciente disposici\u00f3n nacional que exige a las farmacias del pa\u00eds exhibir un c\u00f3digo QR visible para que los pacientes puedan consultar precios de medicamentos fue recibida con fuertes cr\u00edticas desde el Colegio Farmac\u00e9utico de Mendoza. Beatriz Cucchi, presidenta del Colegio, expres\u00f3 que la iniciativa, aunque con una intenci\u00f3n positiva, puede generar confusi\u00f3n entre los usuarios y desvalorizar el rol del farmac\u00e9utico en la cadena de atenci\u00f3n sanitaria.<\/span><\/h4>\n<p>Cucchi explic\u00f3 que la obligatoriedad del c\u00f3digo QR, que deber\u00e1 estar disponible en cada farmacia en un plazo de treinta d\u00edas desde su comunicaci\u00f3n oficial, responde a una iniciativa impulsada desde el \u00e1mbito comercial, pero no fue articulada con las instituciones sanitarias ni con el Ministerio de Salud, del cual dependen las farmacias. \u201cEst\u00e1 bien que a nosotros lo que nos lo tienen que comunicar es el Ministerio de Salud, porque la farmacia depende del Ministerio de Salud, no del de Comercio\u201d, detall\u00f3.<\/p>\n<p>La farmac\u00e9utica remarc\u00f3 que la medida no solo carece de utilidad pr\u00e1ctica para el paciente, sino que adem\u00e1s puede ser contraproducente. \u201cLo que vemos con esto es que en vez de aclarar va a confundir\u201d, expres\u00f3. Seg\u00fan sostuvo, quienes consulten precios a trav\u00e9s del QR deber\u00e1n enfrentarse a una lista con m\u00e1s de 17.000 productos, sin poder saber con certeza si el medicamento recetado por su m\u00e9dico est\u00e1 incluido en el vadem\u00e9cum de su obra social o si tiene el descuento correspondiente.<\/p>\n<p><span class=\"sigijh_hlt sigijh_animateMe\">\u201cUna receta por obra social hay que validarla antes de saber si la persona tiene el descuento o no lo tiene, si est\u00e1 en el VADEMECUM de su obra social o no est\u00e1\u201d, explic\u00f3 Cucchi, y agreg\u00f3 que \u201cesa funci\u00f3n farmac\u00e9utica viendo nada m\u00e1s que el valor del precio no te aclara nada\u201d.<br \/>\n<\/span><\/p>\n<p><span class=\"sigijh_hlt sigijh_animateMe\">En ese sentido, subray\u00f3 que \u201cLa farmacia no es formadora de precios. El precio viene desde el laboratorio\u201d, indic\u00f3.<\/span><\/p>\n<p>Una de las preocupaciones m\u00e1s importantes del Colegio Farmac\u00e9utico es la p\u00e9rdida de contacto humano en la relaci\u00f3n entre paciente y profesional. \u201cLo que yo veo en contra, mucho m\u00e1s, es que se deshumaniza el acto farmac\u00e9utico. Cuando en la relaci\u00f3n farmac\u00e9utico-paciente-cliente es lo m\u00e1s importante para que ese paciente haga la adherencia a ese tratamiento, lo haga bien, lo que solucione su problema en la farmacia\u201d, sostuvo Cucchi.<\/p>\n<p>Aunque reconoci\u00f3 que t\u00e9cnicamente no es un problema implementar el c\u00f3digo QR, la presidenta del Colegio de Mendoza se pregunt\u00f3 cu\u00e1l es el verdadero objetivo de la medida: \u201cPara nosotros eso no es un problema, el colocar el QR. No es un problema, lo que no le encontramos es el motivo. Porque no vas a aclarar nada. Porque no sos formadora de precios\u201d.<\/p>\n<p><span class=\"sigijh_hlt\">Consultada sobre la comparaci\u00f3n de precios entre medicamentos de venta libre, como el ibuprofeno, Cucchi explic\u00f3 que incluso en esos casos existen m\u00faltiples presentaciones y combinaciones que hacen que el rol del farmac\u00e9utico siga siendo imprescindible. \u201cVas a tener el que es de acci\u00f3n r\u00e1pida, el que es de acci\u00f3n prolongada, el que tiene un relajante muscular, el que est\u00e1 combinado con paracetamol o con diclofemac. O sea, vas a tener una gama no solamente de marcas sino de acciones\u201d, dijo. Por eso, reiter\u00f3: \u201cEsa funci\u00f3n de poder aconsejar el que va a elegir va a ser el paciente. Vos vas a aconsejar tales o cuales por la patolog\u00eda o por lo que el cliente paciente te est\u00e1 diciendo\u201d.<\/span><\/p>\n<p>Finalmente, insisti\u00f3 en la importancia de valorar al medicamento no solo como un producto comercial sino como un bien de salud p\u00fablica. \u201cNosotros lo que pretendemos es que el medicamento se tome con el valor que tiene el medicamento. Que no es que vos fuiste a comprar una remera y que te da igual una marca, otra marca o una acci\u00f3n, otra acci\u00f3n\u201d, enfatiz\u00f3. \u201cEl precio me parece perfecto, me parece perfecto. Pero veamos c\u00f3mo mejoramos todo el sistema de salud con la cadena. Porque con mirar un valor o no mirarlo, no mejoras nada\u201d.<\/p>\n","protected":false},"excerpt":{"rendered":"<p>La reciente disposici\u00f3n nacional que exige a las farmacias del pa\u00eds exhibir un c\u00f3digo QR visible para que los pacientes puedan &#8230;<\/p>\n","protected":false},"author":7,"featured_media":146556,"comment_status":"open","ping_status":"open","sticky":false,"template":"","format":"standard","meta":{"footnotes":""},"categories":[5,10],"tags":[],"class_list":["post-146555","post","type-post","status-publish","format-standard","has-post-thumbnail","hentry","category-actualidad","category-destacadas"],"_links":{"self":[{"href":"https:\/\/vinasfm.com\/noticias\/wp-json\/wp\/v2\/posts\/146555","targetHints":{"allow":["GET"]}}],"collection":[{"href":"https:\/\/vinasfm.com\/noticias\/wp-json\/wp\/v2\/posts"}],"about":[{"href":"https:\/\/vinasfm.com\/noticias\/wp-json\/wp\/v2\/types\/post"}],"author":[{"embeddable":true,"href":"https:\/\/vinasfm.com\/noticias\/wp-json\/wp\/v2\/users\/7"}],"replies":[{"embeddable":true,"href":"https:\/\/vinasfm.com\/noticias\/wp-json\/wp\/v2\/comments?post=146555"}],"version-history":[{"count":3,"href":"https:\/\/vinasfm.com\/noticias\/wp-json\/wp\/v2\/posts\/146555\/revisions"}],"predecessor-version":[{"id":146559,"href":"https:\/\/vinasfm.com\/noticias\/wp-json\/wp\/v2\/posts\/146555\/revisions\/146559"}],"wp:featuredmedia":[{"embeddable":true,"href":"https:\/\/vinasfm.com\/noticias\/wp-json\/wp\/v2\/media\/146556"}],"wp:attachment":[{"href":"https:\/\/vinasfm.com\/noticias\/wp-json\/wp\/v2\/media?parent=146555"}],"wp:term":[{"taxonomy":"category","embeddable":true,"href":"https:\/\/vinasfm.com\/noticias\/wp-json\/wp\/v2\/categories?post=146555"},{"taxonomy":"post_tag","embeddable":true,"href":"https:\/\/vinasfm.com\/noticias\/wp-json\/wp\/v2\/tags?post=146555"}],"curies":[{"name":"wp","href":"https:\/\/api.w.org\/{rel}","templated":true}]}}