{"id":146525,"date":"2025-04-08T08:22:39","date_gmt":"2025-04-08T11:22:39","guid":{"rendered":"https:\/\/vinasfm.com\/noticias\/?p=146525"},"modified":"2025-04-09T08:25:05","modified_gmt":"2025-04-09T11:25:05","slug":"la-historica-bodega-faraon-suma-a-una-familia-de-jotes-a-su-atractivo-turistico","status":"publish","type":"post","link":"https:\/\/vinasfm.com\/noticias\/la-historica-bodega-faraon-suma-a-una-familia-de-jotes-a-su-atractivo-turistico\/","title":{"rendered":"LA HIST\u00d3RICA BODEGA FARA\u00d3N SUMA A UNA FAMILIA DE JOTES A SU ATRACTIVO TUR\u00cdSTICO"},"content":{"rendered":"<h4><span style=\"color: #000000;\">Estas aves silvestres eligieron el emblem\u00e1tico edificio para formar anidar y tener cr\u00edas. Desde Biodiversidad y Ecoparque destacan su presencia indica que los ecosistemas a\u00fan conservan su equilibrio. Quienes visiten la bodega podr\u00e1n apreciar a esta familia como parte del recorrido.<\/span><\/h4>\n<p><span style=\"color: #000000;\">La emblem\u00e1tica <strong>Bodega Fara\u00f3n de General Alvear<\/strong>, declarada <strong>Monumento Hist\u00f3rico Nacional<\/strong>, sum\u00f3 un nuevo atractivo a sus antiguas estructuras:<strong> una familia de jotes cabeza negra<\/strong> (<em>Coragyps atratus<\/em>) <strong>decidi\u00f3 instalarse en lo alto de sus torres de vinificaci\u00f3n continua para dar vida a una nueva generaci\u00f3n de estas aves.<\/strong><\/span><\/p>\n<p><span style=\"color: #000000;\">La pareja de jotes comenz\u00f3 su cortejo a inicios de la primavera y encontr\u00f3 en las alturas de la bodega el lugar ideal para anidar y resguardar sus huevos. Fruto de ese esfuerzo <strong>nacieron tres pichones, que hoy, con tres meses de vida, ya ensayan sus primeros vuelos sobre el hist\u00f3rico edificio.<\/strong><\/span><\/p>\n<p><span style=\"color: #000000;\"><strong><em>\u201cEs una especie que suele elegir cavidades naturales como rocas o huecos de \u00e1rboles para nidificar, pero que tambi\u00e9n se ha adaptado a convivir con el ser humano, eligiendo viejas construcciones como torres, molinos o chimeneas\u201d<\/em><\/strong>, explic\u00f3<span style=\"color: #000080;\"><strong> Ignacio Haudet<\/strong><\/span>, <em>director de Biodiversidad y Ecoparque<\/em>.<\/span><\/p>\n<div style=\"width: 848px;\" class=\"wp-video\"><video class=\"wp-video-shortcode\" id=\"video-146525-1\" width=\"848\" height=\"384\" preload=\"metadata\" controls=\"controls\"><source type=\"video\/mp4\" src=\"https:\/\/vinasfm.com\/noticias\/wp-content\/uploads\/2025\/04\/WhatsApp-Video-2025-04-07-at-09.37.01.mp4?_=1\" \/><a href=\"https:\/\/vinasfm.com\/noticias\/wp-content\/uploads\/2025\/04\/WhatsApp-Video-2025-04-07-at-09.37.01.mp4\">https:\/\/vinasfm.com\/noticias\/wp-content\/uploads\/2025\/04\/WhatsApp-Video-2025-04-07-at-09.37.01.mp4<\/a><\/video><\/div>\n<p><span style=\"color: #000000;\">Los j\u00f3venes jotes, conocidos como volantones, a\u00fan permanecen cerca del nido mientras completan su desarrollo y aprenden a dominar el vuelo. <strong>Se caracterizan por despegar de forma pesada y ruidosa, pero una vez en el aire son excelentes planeadores.<\/strong><\/span><\/p>\n<p><span style=\"color: #000000;\">El veterinario <span style=\"color: #000080;\"><strong>Juan Pablo Coniglione<\/strong><\/span>, de <em>Biodiversidad y Ecoparque<\/em>, destac\u00f3 que los jotes cabeza negra no representan ning\u00fan riesgo para la poblaci\u00f3n.<\/span><\/p>\n<p><span style=\"color: #000000;\">Por el contrario, cumplen un rol ambiental fundamental como carro\u00f1eros, eliminando r\u00e1pidamente restos de animales muertos y ayudando a prevenir la propagaci\u00f3n de enfermedades como el carbunco (<em>Bacillus anthracis<\/em>).<\/span><\/p>\n<p><span style=\"color: #000000;\"><em><strong>\u201cSon aliados silenciosos del ambiente y de los productores ganaderos. Al consumir la carro\u00f1a, controlan naturalmente posibles focos de enfermedades que podr\u00edan afectar al ganado o incluso a las personas\u201d<\/strong><\/em>, detall\u00f3 Coniglione.<\/span><\/p>\n<p><span style=\"color: #000000;\">El <em>jefe del Departamento de Fauna Silvestre<\/em>, <strong><span style=\"color: #000080;\">Adri\u00e1n Gorrindo<\/span><\/strong>, remarc\u00f3 la importancia de observar fauna silvestre en entornos productivos o urbanos: <em><strong>\u201cLa presencia de esta familia de jotes en la bodega es una buena se\u00f1al de salud ambiental. Indica que los ecosistemas a\u00fan conservan su equilibrio y diversidad, algo cada vez m\u00e1s valorado por los consumidores que eligen productos de origen sustentable y respetuosos con el ambiente\u201d.<\/strong><\/em><\/span><\/p>\n<p><img loading=\"lazy\" decoding=\"async\" class=\"\" src=\"https:\/\/www.mendoza.gov.ar\/wp-content\/uploads\/sites\/5\/2025\/04\/WhatsApp-Image-2025-04-07-at-09.36.56-1-700x933.jpeg\" width=\"235\" height=\"313\" \/> <img loading=\"lazy\" decoding=\"async\" class=\"\" src=\"https:\/\/www.mendoza.gov.ar\/wp-content\/uploads\/sites\/5\/2025\/04\/WhatsApp-Image-2025-04-07-at-09.36.55-3-700x933.jpeg\" width=\"235\" height=\"313\" \/> <img loading=\"lazy\" decoding=\"async\" class=\"\" src=\"https:\/\/www.mendoza.gov.ar\/wp-content\/uploads\/sites\/5\/2025\/04\/WhatsApp-Image-2025-04-07-at-09.36.55-1-700x933.jpeg\" width=\"235\" height=\"313\" \/><\/p>\n<p><span style=\"color: #000000;\">Gracias al trabajo conjunto entre la <strong>Delegaci\u00f3n de General Alvear de la Subsecretar\u00eda de Ambiente<\/strong>, la <strong>Direcci\u00f3n de Turismo<\/strong> y la <strong>Asesor\u00eda de Ambiente del municipio de General Alvea<\/strong>r, se logr\u00f3 <strong>proteger a esta familia de jotes, que seguir\u00e1 habitando la bodega durante algunos meses m\u00e1s mientras completan su desarrollo.<\/strong><\/span><\/p>\n<p><span style=\"color: #000000;\">Hoy, quienes visiten la Bodega Fara\u00f3n podr\u00e1n ser testigos de este espect\u00e1culo natural y observar a los j\u00f3venes jotes desplegando sus alas sobre las antiguas torres de vinificaci\u00f3n. La bodega no solo es cuna de historia vitivin\u00edcola \u2014fue all\u00ed donde naci\u00f3 el sistema de vinificaci\u00f3n continua\u2014, sino tambi\u00e9n un refugio para la biodiversidad local.<\/span><\/p>\n<p><span style=\"color: #000000;\">Las visitas guiadas a la bodega incluyen la posibilidad de conocer este rinc\u00f3n donde la historia y la naturaleza se encuentran en perfecta armon\u00eda.<\/span><\/p>\n","protected":false},"excerpt":{"rendered":"<p>Estas aves silvestres eligieron el emblem\u00e1tico edificio para formar anidar y tener cr\u00edas. Desde Biodiversidad y Ecoparque destacan su presencia indica &#8230;<\/p>\n","protected":false},"author":7,"featured_media":146526,"comment_status":"open","ping_status":"open","sticky":false,"template":"","format":"standard","meta":{"footnotes":""},"categories":[5,10],"tags":[],"class_list":["post-146525","post","type-post","status-publish","format-standard","has-post-thumbnail","hentry","category-actualidad","category-destacadas"],"_links":{"self":[{"href":"https:\/\/vinasfm.com\/noticias\/wp-json\/wp\/v2\/posts\/146525","targetHints":{"allow":["GET"]}}],"collection":[{"href":"https:\/\/vinasfm.com\/noticias\/wp-json\/wp\/v2\/posts"}],"about":[{"href":"https:\/\/vinasfm.com\/noticias\/wp-json\/wp\/v2\/types\/post"}],"author":[{"embeddable":true,"href":"https:\/\/vinasfm.com\/noticias\/wp-json\/wp\/v2\/users\/7"}],"replies":[{"embeddable":true,"href":"https:\/\/vinasfm.com\/noticias\/wp-json\/wp\/v2\/comments?post=146525"}],"version-history":[{"count":1,"href":"https:\/\/vinasfm.com\/noticias\/wp-json\/wp\/v2\/posts\/146525\/revisions"}],"predecessor-version":[{"id":146528,"href":"https:\/\/vinasfm.com\/noticias\/wp-json\/wp\/v2\/posts\/146525\/revisions\/146528"}],"wp:featuredmedia":[{"embeddable":true,"href":"https:\/\/vinasfm.com\/noticias\/wp-json\/wp\/v2\/media\/146526"}],"wp:attachment":[{"href":"https:\/\/vinasfm.com\/noticias\/wp-json\/wp\/v2\/media?parent=146525"}],"wp:term":[{"taxonomy":"category","embeddable":true,"href":"https:\/\/vinasfm.com\/noticias\/wp-json\/wp\/v2\/categories?post=146525"},{"taxonomy":"post_tag","embeddable":true,"href":"https:\/\/vinasfm.com\/noticias\/wp-json\/wp\/v2\/tags?post=146525"}],"curies":[{"name":"wp","href":"https:\/\/api.w.org\/{rel}","templated":true}]}}