{"id":146448,"date":"2025-04-06T08:09:48","date_gmt":"2025-04-06T11:09:48","guid":{"rendered":"https:\/\/vinasfm.com\/noticias\/?p=146448"},"modified":"2025-04-08T08:26:36","modified_gmt":"2025-04-08T11:26:36","slug":"dos-autos-chocaron-de-frente-en-el-ingreso-a-villa-atuel","status":"publish","type":"post","link":"https:\/\/vinasfm.com\/noticias\/dos-autos-chocaron-de-frente-en-el-ingreso-a-villa-atuel\/","title":{"rendered":"DOS AUTOS CHOCARON DE FRENTE EN EL INGRESO A VILLA ATUEL"},"content":{"rendered":"<h4 style=\"font-weight: 400;\"><span style=\"color: #000000;\">El hecho ocurri\u00f3 promediando las 20:15 horas del d\u00eda s\u00e1bado, en la intersecci\u00f3n de la Ruta 143 y la calle Belgrano, en Villa Atuel, dejando como saldo cuatro personas heridas, una de ellas con politraumatismos moderados.<\/span><\/h4>\n<p style=\"font-weight: 400;\"><span style=\"color: #000000;\">El incidente tuvo lugar cuando <strong>un autom\u00f3vil marca Fiat Vivace, conducido por B.B. de 30 a\u00f1os y con M.R. de 31 a\u00f1os como acompa\u00f1ante, intent\u00f3 girar en la calle Belgrano desde la Ruta 143. En ese momento, colision\u00f3 de frente con un Renault 18, en el que viajaban H.M. de 22 a\u00f1os como conductor y J.I. de 26 a\u00f1os como acompa\u00f1ante.<\/strong><\/span><\/p>\n<p style=\"font-weight: 400;\"><span style=\"color: #000000;\">Tras el fuerte impacto, <strong>los ocupantes de ambos veh\u00edculos fueron trasladados de urgencia para recibir atenci\u00f3n m\u00e9dica.<\/strong> Seg\u00fan el reporte policial de la Comisar\u00eda 26 de Villa Atuel, M.R., acompa\u00f1ante del Fiat Vivace, sufri\u00f3 politraumatismos moderados y permanece internado bajo observaci\u00f3n.<\/span><\/p>\n<p style=\"font-weight: 400;\"><span style=\"color: #000000;\"><strong>Las autoridades se encuentran investigando las causas exactas del accidente para determinar responsabilidades<\/strong>. Se recomienda a los conductores extremar precauciones al circular por la zona, especialmente en la intersecci\u00f3n donde ocurri\u00f3 el siniestro.<\/span><\/p>\n<h2><span style=\"color: #000000;\">Parte m\u00e9dico<\/span><\/h2>\n<p><span style=\"color: #000000;\">Luego de las 21:30 horas, del mismo s\u00e1bado, desde el Hospital Enfermeros Argentinos emitieron el p\u00e1rte m\u00e9dico de los pacientes.<\/span><\/p>\n<p><span style=\"color: #000000;\">Renault 18:<\/span><\/p>\n<ul>\n<li><span style=\"color: #000000;\">\u00a0Paciente adulto joven, sin antecedentes de patolog\u00eda cr\u00f3nica conocidos. Consta de politraumatismo leve. Al examen f\u00edsico no se evidencian escoriaciones. Se realiza analgesia y posteriormente fue dado de alta con pautas de alarma.<\/span><\/li>\n<li><span style=\"color: #000000;\"> Paciente adulto joven, sin antecedentes de patolog\u00eda cr\u00f3nica. Con politraumatismo leve. Presenta escoriaci\u00f3n en el dedo me\u00f1ique de la mano izquierda. Se realiza analgesia y luego se le otorg\u00f3 el alta con indicaci\u00f3n de pautas de alarma.<\/span><\/li>\n<\/ul>\n<p><span style=\"color: #000000;\">Fiar Vivace<\/span><\/p>\n<ul>\n<li><span style=\"color: #000000;\">Paciente adulto joven con politraumatismo leve. Se constata lesi\u00f3n leve en la lengua. Se administra analgesia. Permaneci\u00f3 en observaci\u00f3n para control del dolor.<\/span><\/li>\n<li><span style=\"color: #000000;\"> Paciente adulto, sin antecedentes de patolog\u00eda cr\u00f3nica. Consulta por politraumatismo moderado. Present\u00f3 m\u00faltiples escoriaciones y una lesi\u00f3n de continuidad en cuero cabelludo y regi\u00f3n facial. Se encuentra hemodin\u00e1micamente estable, l\u00facido y orientado. Se decidi\u00f3 la internaci\u00f3n por 24 horas para observaci\u00f3n y posterior reevaluaci\u00f3n para alta.<\/span><\/li>\n<\/ul>\n<p>&nbsp;<\/p>\n","protected":false},"excerpt":{"rendered":"<p>El hecho ocurri\u00f3 promediando las 20:15 horas del d\u00eda s\u00e1bado, en la intersecci\u00f3n de la Ruta 143 y la calle Belgrano, &#8230;<\/p>\n","protected":false},"author":7,"featured_media":146450,"comment_status":"open","ping_status":"open","sticky":false,"template":"","format":"standard","meta":{"footnotes":""},"categories":[4,184],"tags":[],"class_list":["post-146448","post","type-post","status-publish","format-standard","has-post-thumbnail","hentry","category-policiales","category-siniestro-vial"],"_links":{"self":[{"href":"https:\/\/vinasfm.com\/noticias\/wp-json\/wp\/v2\/posts\/146448","targetHints":{"allow":["GET"]}}],"collection":[{"href":"https:\/\/vinasfm.com\/noticias\/wp-json\/wp\/v2\/posts"}],"about":[{"href":"https:\/\/vinasfm.com\/noticias\/wp-json\/wp\/v2\/types\/post"}],"author":[{"embeddable":true,"href":"https:\/\/vinasfm.com\/noticias\/wp-json\/wp\/v2\/users\/7"}],"replies":[{"embeddable":true,"href":"https:\/\/vinasfm.com\/noticias\/wp-json\/wp\/v2\/comments?post=146448"}],"version-history":[{"count":4,"href":"https:\/\/vinasfm.com\/noticias\/wp-json\/wp\/v2\/posts\/146448\/revisions"}],"predecessor-version":[{"id":146456,"href":"https:\/\/vinasfm.com\/noticias\/wp-json\/wp\/v2\/posts\/146448\/revisions\/146456"}],"wp:featuredmedia":[{"embeddable":true,"href":"https:\/\/vinasfm.com\/noticias\/wp-json\/wp\/v2\/media\/146450"}],"wp:attachment":[{"href":"https:\/\/vinasfm.com\/noticias\/wp-json\/wp\/v2\/media?parent=146448"}],"wp:term":[{"taxonomy":"category","embeddable":true,"href":"https:\/\/vinasfm.com\/noticias\/wp-json\/wp\/v2\/categories?post=146448"},{"taxonomy":"post_tag","embeddable":true,"href":"https:\/\/vinasfm.com\/noticias\/wp-json\/wp\/v2\/tags?post=146448"}],"curies":[{"name":"wp","href":"https:\/\/api.w.org\/{rel}","templated":true}]}}