{"id":146330,"date":"2025-04-04T10:14:54","date_gmt":"2025-04-04T13:14:54","guid":{"rendered":"https:\/\/vinasfm.com\/noticias\/?p=146330"},"modified":"2025-04-04T10:14:54","modified_gmt":"2025-04-04T13:14:54","slug":"general-alvear-celebra-el-dia-del-artesano-con-un-festival-en-el-paseo-del-artesano","status":"publish","type":"post","link":"https:\/\/vinasfm.com\/noticias\/general-alvear-celebra-el-dia-del-artesano-con-un-festival-en-el-paseo-del-artesano\/","title":{"rendered":"GENERAL ALVEAR CELEBRA EL D\u00cdA DEL ARTESANO CON UN FESTIVAL EN EL \u00abPASEO DEL ARTESANO\u00bb"},"content":{"rendered":"<h4 data-sourcepos=\"3:1-3:280\"><span style=\"color: #000000;\">La Municipalidad de General Alvear, a trav\u00e9s de la Secretar\u00eda de Desarrollo y Promoci\u00f3n Departamental, invita a la comunidad a celebrar el \u00abD\u00eda del Artesano\u00bb con un gran evento este domingo 6 de abril a partir de las 19:30 horas en el Km 0.<\/span><\/h4>\n<p data-sourcepos=\"5:1-5:251\"><span style=\"color: #000000;\">Si bien el <em>D\u00eda Internacional del Artesano<\/em> <strong>se conmemora cada 19 de marzo<\/strong>, la celebraci\u00f3n en General Alvear se pospuso para este domingo, brindando as\u00ed la oportunidad de rendir homenaje a aquellos que con sus manos y creatividad dan vida a obras \u00fanicas.<\/span><\/p>\n<p data-sourcepos=\"7:1-7:348\"><span style=\"color: #000000;\"><em><strong>\u00abQueremos homenajear a aquellos que realizan actividades con sus manos y le ponen el resto de los sentidos en cada una de las obras que realizan\u00bb<\/strong><\/em>, expres\u00f3 el <span style=\"color: #003366;\"><strong>Ing. Hugo Molina<\/strong><\/span>, <em>Secretario de Desarrollo y Promoci\u00f3n Departamental<\/em>. <em><strong>\u00abCada una de estas obras tiene la caracter\u00edstica de ser \u00fanica e irrepetible, porque no es algo que se produce en serie\u00bb<\/strong><\/em>, agreg\u00f3.<\/span><a href=\"https:\/\/vinasfm.com\/noticias\/wp-content\/uploads\/2025\/04\/IMG-20250403-WA0011.jpg\"><img loading=\"lazy\" decoding=\"async\" class=\"aligncenter wp-image-146334\" src=\"https:\/\/vinasfm.com\/noticias\/wp-content\/uploads\/2025\/04\/IMG-20250403-WA0011-819x1024.jpg\" alt=\"\" width=\"500\" height=\"625\" srcset=\"https:\/\/vinasfm.com\/noticias\/wp-content\/uploads\/2025\/04\/IMG-20250403-WA0011-819x1024.jpg 819w, https:\/\/vinasfm.com\/noticias\/wp-content\/uploads\/2025\/04\/IMG-20250403-WA0011-240x300.jpg 240w, https:\/\/vinasfm.com\/noticias\/wp-content\/uploads\/2025\/04\/IMG-20250403-WA0011-768x960.jpg 768w, https:\/\/vinasfm.com\/noticias\/wp-content\/uploads\/2025\/04\/IMG-20250403-WA0011-1229x1536.jpg 1229w, https:\/\/vinasfm.com\/noticias\/wp-content\/uploads\/2025\/04\/IMG-20250403-WA0011.jpg 1280w\" sizes=\"auto, (max-width: 500px) 100vw, 500px\" \/><\/a><\/p>\n<p data-sourcepos=\"11:1-11:309\"><span style=\"color: #000000;\"><em><strong>\u00abInvitamos a todos nuestros vecinos a que asistan con su reposera y su equipo de mate para pasar una linda jornada\u00bb<\/strong><\/em>, coment\u00f3 <span style=\"color: #003366;\"><strong>Mariela Caduz<\/strong><\/span>, <em>de Econom\u00eda Social<\/em>. <em><strong>\u00abEs un pedido expreso de nuestro intendente hacer el festejo del D\u00eda del Artesano, as\u00ed que los esperamos a todos para compartir una tarde diferente\u00bb.<\/strong><\/em><\/span><\/p>\n<p data-sourcepos=\"13:1-13:283\"><span style=\"color: #000000;\">La celebraci\u00f3n busca poner en valor el trabajo de los artesanos locales, quienes siempre acompa\u00f1an los eventos organizados por la Municipalidad.<em><strong> \u00abGracias a Dios tenemos muchas familias que son emprendedoras\u00bb<\/strong><\/em>, agreg\u00f3 Caduz. <em><strong>\u00abLa idea es hacer m\u00e1s visible su trabajo y celebrar su d\u00eda\u00bb.<\/strong><\/em><\/span><\/p>\n","protected":false},"excerpt":{"rendered":"<p>La Municipalidad de General Alvear, a trav\u00e9s de la Secretar\u00eda de Desarrollo y Promoci\u00f3n Departamental, invita a la comunidad a celebrar &#8230;<\/p>\n","protected":false},"author":7,"featured_media":146335,"comment_status":"open","ping_status":"open","sticky":false,"template":"","format":"standard","meta":{"footnotes":""},"categories":[1],"tags":[],"class_list":["post-146330","post","type-post","status-publish","format-standard","has-post-thumbnail","hentry","category-fmvinas"],"_links":{"self":[{"href":"https:\/\/vinasfm.com\/noticias\/wp-json\/wp\/v2\/posts\/146330","targetHints":{"allow":["GET"]}}],"collection":[{"href":"https:\/\/vinasfm.com\/noticias\/wp-json\/wp\/v2\/posts"}],"about":[{"href":"https:\/\/vinasfm.com\/noticias\/wp-json\/wp\/v2\/types\/post"}],"author":[{"embeddable":true,"href":"https:\/\/vinasfm.com\/noticias\/wp-json\/wp\/v2\/users\/7"}],"replies":[{"embeddable":true,"href":"https:\/\/vinasfm.com\/noticias\/wp-json\/wp\/v2\/comments?post=146330"}],"version-history":[{"count":3,"href":"https:\/\/vinasfm.com\/noticias\/wp-json\/wp\/v2\/posts\/146330\/revisions"}],"predecessor-version":[{"id":146337,"href":"https:\/\/vinasfm.com\/noticias\/wp-json\/wp\/v2\/posts\/146330\/revisions\/146337"}],"wp:featuredmedia":[{"embeddable":true,"href":"https:\/\/vinasfm.com\/noticias\/wp-json\/wp\/v2\/media\/146335"}],"wp:attachment":[{"href":"https:\/\/vinasfm.com\/noticias\/wp-json\/wp\/v2\/media?parent=146330"}],"wp:term":[{"taxonomy":"category","embeddable":true,"href":"https:\/\/vinasfm.com\/noticias\/wp-json\/wp\/v2\/categories?post=146330"},{"taxonomy":"post_tag","embeddable":true,"href":"https:\/\/vinasfm.com\/noticias\/wp-json\/wp\/v2\/tags?post=146330"}],"curies":[{"name":"wp","href":"https:\/\/api.w.org\/{rel}","templated":true}]}}