{"id":146327,"date":"2025-04-04T09:53:24","date_gmt":"2025-04-04T12:53:24","guid":{"rendered":"https:\/\/vinasfm.com\/noticias\/?p=146327"},"modified":"2025-04-05T09:34:30","modified_gmt":"2025-04-05T12:34:30","slug":"la-red-verde-de-agroecologia-invita-a-la-comunidad-a-participar-en-un-intercambio-de-semillas-y-conocimientos","status":"publish","type":"post","link":"https:\/\/vinasfm.com\/noticias\/la-red-verde-de-agroecologia-invita-a-la-comunidad-a-participar-en-un-intercambio-de-semillas-y-conocimientos\/","title":{"rendered":"LA RED VERDE DE AGROECOLOG\u00cdA INVITA A LA COMUNIDAD A PARTICIPAR EN UN INTERCAMBIO DE SEMILLAS Y CONOCIMIENTOS"},"content":{"rendered":"<h4 data-sourcepos=\"3:1-3:391\"><span style=\"color: #000000;\">Ser\u00e1 este s\u00e1bado 5 de abril a las 10:00 horas en el Mercado Municipal. El objetivo es fomentar la agricultura local y sostenible, brindando a los participantes la oportunidad de intercambiar semillas, plantines y conocimientos sobre huertas caseras.<\/span><\/h4>\n<p data-sourcepos=\"5:1-5:258\"><span style=\"color: #000000;\"><em><strong>\u00abInvitamos a todos aquellos que tengan semillas o plantines a participar en este espacio de intercambio\u00bb<\/strong><\/em>, expres\u00f3 <span style=\"color: #003366;\"><strong>Ignacia Peroni<\/strong><\/span>, <em>miembro de la Red Verde de Agroecolog\u00eda<\/em> y agreg\u00f3 <em><strong>\u00abnuestro objetivo es promover el trabajo sano con semillas locales, adaptadas a nuestro ambiente\u00bb.<\/strong><\/em><\/span><\/p>\n<p data-sourcepos=\"7:1-7:301\"><span style=\"color: #000000;\">Adem\u00e1s del intercambio de semillas, la <strong>Red Verde de Agroecolog\u00eda ofrece un ciclo de capacitaciones gratuitas y abiertas a la comunidad.<\/strong> En encuentros anteriores, <strong>especialistas del INTA han compartido sus conocimientos sobre conservaci\u00f3n de alimentos, deshidrataci\u00f3n y elaboraci\u00f3n de conservas seguras.<\/strong><\/span><\/p>\n<p data-sourcepos=\"9:1-9:263\"><span style=\"color: #000000;\">Sobre la Red Verde, Peroni se\u00f1al\u00f3 que la misma <em><strong>\u00abbusca construir una comunidad donde podamos trabajar juntos, compartir experiencias y alimentos\u00bb<\/strong><\/em>, explic\u00f3 Peroni. <strong><em>\u00abQueremos que todos conozcan la agroecolog\u00eda en su totalidad, desde la producci\u00f3n sana hasta la relaci\u00f3n justa entre productores y consumidores\u00bb.<\/em><\/strong><\/span><\/p>\n<p data-sourcepos=\"11:1-11:232\"><span style=\"color: #000000;\">La Red Verde de Agroecolog\u00eda tambi\u00e9n invita a productores locales a sumarse a su iniciativa y participar en futuras actividades. Aquellos interesados pueden acercarse al Mercado Municipal el s\u00e1bado 5 a partir de las 10 de la ma\u00f1ana.<\/span><\/p>\n","protected":false},"excerpt":{"rendered":"<p>Ser\u00e1 este s\u00e1bado 5 de abril a las 10:00 horas en el Mercado Municipal. El objetivo es fomentar la agricultura local &#8230;<\/p>\n","protected":false},"author":7,"featured_media":146328,"comment_status":"open","ping_status":"open","sticky":false,"template":"","format":"standard","meta":{"footnotes":""},"categories":[14,10],"tags":[],"class_list":["post-146327","post","type-post","status-publish","format-standard","has-post-thumbnail","hentry","category-agro","category-destacadas"],"_links":{"self":[{"href":"https:\/\/vinasfm.com\/noticias\/wp-json\/wp\/v2\/posts\/146327","targetHints":{"allow":["GET"]}}],"collection":[{"href":"https:\/\/vinasfm.com\/noticias\/wp-json\/wp\/v2\/posts"}],"about":[{"href":"https:\/\/vinasfm.com\/noticias\/wp-json\/wp\/v2\/types\/post"}],"author":[{"embeddable":true,"href":"https:\/\/vinasfm.com\/noticias\/wp-json\/wp\/v2\/users\/7"}],"replies":[{"embeddable":true,"href":"https:\/\/vinasfm.com\/noticias\/wp-json\/wp\/v2\/comments?post=146327"}],"version-history":[{"count":1,"href":"https:\/\/vinasfm.com\/noticias\/wp-json\/wp\/v2\/posts\/146327\/revisions"}],"predecessor-version":[{"id":146329,"href":"https:\/\/vinasfm.com\/noticias\/wp-json\/wp\/v2\/posts\/146327\/revisions\/146329"}],"wp:featuredmedia":[{"embeddable":true,"href":"https:\/\/vinasfm.com\/noticias\/wp-json\/wp\/v2\/media\/146328"}],"wp:attachment":[{"href":"https:\/\/vinasfm.com\/noticias\/wp-json\/wp\/v2\/media?parent=146327"}],"wp:term":[{"taxonomy":"category","embeddable":true,"href":"https:\/\/vinasfm.com\/noticias\/wp-json\/wp\/v2\/categories?post=146327"},{"taxonomy":"post_tag","embeddable":true,"href":"https:\/\/vinasfm.com\/noticias\/wp-json\/wp\/v2\/tags?post=146327"}],"curies":[{"name":"wp","href":"https:\/\/api.w.org\/{rel}","templated":true}]}}