{"id":146324,"date":"2025-04-04T09:38:14","date_gmt":"2025-04-04T12:38:14","guid":{"rendered":"https:\/\/vinasfm.com\/noticias\/?p=146324"},"modified":"2025-04-05T09:34:59","modified_gmt":"2025-04-05T12:34:59","slug":"colaboradores-organizaron-una-venta-de-arroz-con-pollo-a-beneficio-de-la-parroquia-nuestra-senora-de-fatima","status":"publish","type":"post","link":"https:\/\/vinasfm.com\/noticias\/colaboradores-organizaron-una-venta-de-arroz-con-pollo-a-beneficio-de-la-parroquia-nuestra-senora-de-fatima\/","title":{"rendered":"COLABORADORES ORGANIZARON UNA VENTA DE ARROZ CON POLLO A BENEFICIO DE LA PARROQUIA NUESTRA SE\u00d1ORA DE F\u00c1TIMA"},"content":{"rendered":"<h4><span style=\"color: #000000;\">La Parroquia Nuestra Se\u00f1ora de F\u00e1tima, en su esfuerzo continuo por mantener sus instalaciones y llevar a cabo sus obras, ha organizado una venta de arroz con pollo para el pr\u00f3ximo domingo.<\/span><\/h4>\n<p data-sourcepos=\"5:1-5:613\"><span style=\"color: #000000;\"><span style=\"color: #003366;\"><strong>V\u00edctos \u00c1lvarez<\/strong><\/span>, <em>colabora de la iglesia<\/em>, destac\u00f3 que la parroquia no recibe fondos gubernamentales, por lo que dependen de la colaboraci\u00f3n de la comunidad para su sostenimiento. <strong><em>\u00abEl objetivo de esto es ayudar a la parroquia, al mantenimiento. Por ah\u00ed se tiene el concepto que se recibe alg\u00fan dinero del gobierno y no es as\u00ed. El pago para los p\u00e1rrocos tambi\u00e9n sale de\u00a0 lo que la gente aporta en la misa, donaciones an\u00f3nimas que hay y las actividades que hacemos los feligreses\u00bb<\/em><\/strong>, explic\u00f3.<\/span><\/p>\n<p data-sourcepos=\"7:1-7:238\"><strong><span style=\"color: #000000;\">Las tarjetas para el arroz con pollo tienen un costo de $6.000 y se pueden adquirir en la iglesia o contactando a \u00c1lvarez al n\u00famero de tel\u00e9fono 2625 433171. Se recomienda a quienes adquieran las tarjetas llevar recipientes para retirar el almuerzo el domingo.<\/span><\/strong><\/p>\n<p data-sourcepos=\"9:1-9:164\"><span style=\"color: #000000;\">Desde la parroquia agradecieron el apoyo de la comunidad y la difusi\u00f3n de esta actividad, que busca recaudar fondos para el mantenimiento y las obras de la iglesia.<\/span><\/p>\n","protected":false},"excerpt":{"rendered":"<p>La Parroquia Nuestra Se\u00f1ora de F\u00e1tima, en su esfuerzo continuo por mantener sus instalaciones y llevar a cabo sus obras, ha &#8230;<\/p>\n","protected":false},"author":7,"featured_media":146325,"comment_status":"open","ping_status":"open","sticky":false,"template":"","format":"standard","meta":{"footnotes":""},"categories":[63,11],"tags":[],"class_list":["post-146324","post","type-post","status-publish","format-standard","has-post-thumbnail","hentry","category-iglesia","category-sociales"],"_links":{"self":[{"href":"https:\/\/vinasfm.com\/noticias\/wp-json\/wp\/v2\/posts\/146324","targetHints":{"allow":["GET"]}}],"collection":[{"href":"https:\/\/vinasfm.com\/noticias\/wp-json\/wp\/v2\/posts"}],"about":[{"href":"https:\/\/vinasfm.com\/noticias\/wp-json\/wp\/v2\/types\/post"}],"author":[{"embeddable":true,"href":"https:\/\/vinasfm.com\/noticias\/wp-json\/wp\/v2\/users\/7"}],"replies":[{"embeddable":true,"href":"https:\/\/vinasfm.com\/noticias\/wp-json\/wp\/v2\/comments?post=146324"}],"version-history":[{"count":1,"href":"https:\/\/vinasfm.com\/noticias\/wp-json\/wp\/v2\/posts\/146324\/revisions"}],"predecessor-version":[{"id":146326,"href":"https:\/\/vinasfm.com\/noticias\/wp-json\/wp\/v2\/posts\/146324\/revisions\/146326"}],"wp:featuredmedia":[{"embeddable":true,"href":"https:\/\/vinasfm.com\/noticias\/wp-json\/wp\/v2\/media\/146325"}],"wp:attachment":[{"href":"https:\/\/vinasfm.com\/noticias\/wp-json\/wp\/v2\/media?parent=146324"}],"wp:term":[{"taxonomy":"category","embeddable":true,"href":"https:\/\/vinasfm.com\/noticias\/wp-json\/wp\/v2\/categories?post=146324"},{"taxonomy":"post_tag","embeddable":true,"href":"https:\/\/vinasfm.com\/noticias\/wp-json\/wp\/v2\/tags?post=146324"}],"curies":[{"name":"wp","href":"https:\/\/api.w.org\/{rel}","templated":true}]}}