{"id":146310,"date":"2025-04-04T08:19:45","date_gmt":"2025-04-04T11:19:45","guid":{"rendered":"https:\/\/vinasfm.com\/noticias\/?p=146310"},"modified":"2025-04-04T12:24:54","modified_gmt":"2025-04-04T15:24:54","slug":"irrigacion-presento-su-lanzamiento-editorial-agua-y-poblaciones","status":"publish","type":"post","link":"https:\/\/vinasfm.com\/noticias\/irrigacion-presento-su-lanzamiento-editorial-agua-y-poblaciones\/","title":{"rendered":"IRRIGACI\u00d3N PRESENT\u00d3 SU LANZAMIENTO EDITORIAL \u201cAGUA Y POBLACIONES\u201d"},"content":{"rendered":"<h4><span style=\"color: #000000;\">Se trata de la publicaci\u00f3n de una serie de trabajos de destacados autores mendocinos en los que se abordan diferentes tem\u00e1ticas, problem\u00e1ticas y soluciones respecto al abastecimiento a poblaciones. El cambio clim\u00e1tico, el derecho al agua, la planificaci\u00f3n administrativa, el ordenamiento territorial, la planificaci\u00f3n urbana, el r\u00e9gimen econ\u00f3mico-financiero, son referencias continuas en los trabajos publicados por el sello Irrigaci\u00f3n Edita.<\/span><\/h4>\n<div><span style=\"color: #000000;\">El <strong>Departamento General de Irrigaci\u00f3n<\/strong>, a trav\u00e9s de su \u00e1rea <strong>Documentaci\u00f3n, Patrimonio Hist\u00f3rico y Cultura del Agua<\/strong>, present\u00f3 en el <strong>D\u00eda Nacional del Agua<\/strong>, el libro <em>\u201cAgua y Poblaciones\u201d<\/em>, editado por el sello<strong> Irrigaci\u00f3n Edita<\/strong>. Fue en el <strong><em>Museo Municipal de Arte Moderno<\/em> <\/strong>y cont\u00f3 con la presencia del<em> Superintendente del Departamento General de Irrigaci\u00f3n<\/em>, <span style=\"color: #003366;\"><strong>Sergio Marinelli<\/strong><\/span> y el <em>Intendente de la Ciudad de Mendoza<\/em>, <span style=\"color: #003366;\"><strong>Ulpiano Su\u00e1rez<\/strong><\/span>. Estuvieron presentes adem\u00e1s, las autoridades de los claustros que acompa\u00f1an la publicaci\u00f3n, <em>Universidad Nacional de UNCuyo<\/em>, <span style=\"color: #003366;\"><strong>Esther S\u00e1nchez<\/strong><\/span> y <em>Universidad de Congreso<\/em>, <span style=\"color: #003366;\"><strong>Aldo Rodr\u00edguez Salas<\/strong><\/span>; <span style=\"color: #003366;\"><strong>Dar\u00edo Hern\u00e1ndez<\/strong><\/span>, en <em>representaci\u00f3n de AySAM<\/em>; <span style=\"color: #003366;\"><strong>L\u00eda Mart\u00ednez<\/strong><\/span>, <em>Directora Ejecutiva del Fondo de Agua del r\u00edo Mendoza<\/em>, autoridades del <strong>Departamento General de Irrigaci\u00f3n, de la Municipalidad de la Ciudad de Mendoza<\/strong> y otras personalidades de la cultura del agua, importantes para la Provincia.<\/span><\/div>\n<div><\/div>\n<div><span style=\"color: #000000;\">Con el objetivo de profundizar los procesos de gobernanza del agua, el sello Irrigaci\u00f3n Edita trabaja para producir contenidos especiales y herramientas did\u00e1cticas relevantes y necesarias para la comunidad. Bajo esa premisa se edit\u00f3 <em>\u201cAgua y Poblaciones\u201d<\/em>, una obra escrita por <strong>M\u00f3nica Marcela Andino, Mar\u00eda Valentina Erice, Juan Bautista Justo, Mauricio Pinto, Noelia Torchia, Eliana Britos Coria, \u00c1ngel Ruiz de Apodaca Espinosa, Oscar R. V\u00e9lez, Mar\u00eda Ver\u00f3nica D\u2019Inca, Mario A. Salom\u00f3n, V\u00edctor Burgos, Eduardo Comellas, Mauricio Buccheri, Valeria Mendoza y Araceli Agneni<\/strong>. Los diferentes trabajos que componen la publicaci\u00f3n permiten comprobar la hondura de los vastos problemas vinculados al abastecimiento de agua a poblaciones y a su vez el l\u00f3gico corolario del suministro: las consecuencias ambientales del vertido de las aguas una vez realizado su consumo por los hogares.<\/span><\/div>\n<div><\/div>\n<div>\n<div id=\"attachment_146311\" style=\"width: 600px\" class=\"wp-caption aligncenter\"><a href=\"https:\/\/vinasfm.com\/noticias\/wp-content\/uploads\/2025\/04\/PL0134-scaled.jpg\"><img loading=\"lazy\" decoding=\"async\" aria-describedby=\"caption-attachment-146311\" class=\"wp-image-146311\" src=\"https:\/\/vinasfm.com\/noticias\/wp-content\/uploads\/2025\/04\/PL0134-1024x683.jpg\" alt=\"\" width=\"600\" height=\"400\" srcset=\"https:\/\/vinasfm.com\/noticias\/wp-content\/uploads\/2025\/04\/PL0134-1024x683.jpg 1024w, https:\/\/vinasfm.com\/noticias\/wp-content\/uploads\/2025\/04\/PL0134-300x200.jpg 300w, https:\/\/vinasfm.com\/noticias\/wp-content\/uploads\/2025\/04\/PL0134-768x512.jpg 768w, https:\/\/vinasfm.com\/noticias\/wp-content\/uploads\/2025\/04\/PL0134-1536x1024.jpg 1536w, https:\/\/vinasfm.com\/noticias\/wp-content\/uploads\/2025\/04\/PL0134-2048x1365.jpg 2048w\" sizes=\"auto, (max-width: 600px) 100vw, 600px\" \/><\/a><p id=\"caption-attachment-146311\" class=\"wp-caption-text\">El Museo Municipal de Arte Moderno de Mendoza fue sede de la presentaci\u00f3n del libro Agua y Poblaciones.\u00a0<\/p><\/div>\n<\/div>\n<div><\/div>\n<div><span style=\"color: #000000;\">El Superintendente Sergio Marinelli agradeci\u00f3 a la Municipalidad de Mendoza y al Intendente Suarez, por abrir las puertas del Museo Municipal de Arte Moderno para realizar el acto en conjunto y por su permanente apoyo a todas las iniciativas vinculadas a la eficiencia en el cuidado del agua. <strong><em>\u201cSiempre nos apoyamos en Ulpiano porque est\u00e1 atento a lo que hacemos en Irrigaci\u00f3n y le he pedido que no ayude desde su lugar pol\u00edtico y su rol como gestor a que todos los Intendentes tengan su propio Plan H\u00eddrico, como lo tiene Capital\u201d<\/em><\/strong><\/span><\/div>\n<div><\/div>\n<div><span style=\"color: #000000;\">Suarez, en tanto, agradeci\u00f3 la convocatoria al encuentro, al tiempo que sostuvo<em><strong> \u201chablar de la gesti\u00f3n del agua, un recurso asociado a la vida y al desarrollo de Mendoza nos interpela a todos y como Intendente tengo que contribuir al crecimiento ordenado de la ciudad y a una planificaci\u00f3n de las ciudades centrada en las personas\u201d.<\/strong><\/em><\/span><\/div>\n<div><\/div>\n<div><span style=\"color: #000000;\">Para profundizar en el v\u00ednculo ente el agua y la poblaci\u00f3n y compartir su visi\u00f3n sobre la evoluci\u00f3n y futuro del abastecimiento de agua para las poblaciones, el encuentro cont\u00f3 con la participaci\u00f3n especial de<span style=\"color: #003366;\"><strong> Luis Jauregui<\/strong><\/span>, un <strong>destacado ingeniero civil argentino especializado en ingenier\u00eda sanitaria y ambiental, as\u00ed como en la gesti\u00f3n integrada de recursos h\u00eddricos.<\/strong> Graduado en la Universidad de Buenos Aires y con una Maestr\u00eda en Ciencias en la Universidad de Minnesota, Estados Unidos, <strong>su contribuci\u00f3n al sector es ampliamente reconocida por su rol como creador del Servicio Nacional de Agua Potable y Saneamiento Rural, en 1964, con el objetivo de realizar obras en peque\u00f1as comunidades no atendidas por Obras Sanitarias de la Naci\u00f3n, financiadas por el Banco Interamericano de Desarrollo.<\/strong> Desde esta instituci\u00f3n se sentaron las bases para la implementaci\u00f3n de pol\u00edticas de agua potable y saneamiento en \u00e1reas rurales del pa\u00eds.<\/span><\/div>\n<div><\/div>\n<div><span style=\"color: #000000;\">Con el lanzamiento de<em> \u201cAgua y Poblaciones\u201d<\/em> se actualiza el sello Irrigaci\u00f3n Edita, ya que el \u00faltimo material publicado fue el 2019, <em>\u201cLey de Aguas de 1884. Comentada y concordada\u201d<\/em>, de Mauricio Pinto (director), M\u00f3nica Andino y Gladys Rogero; y <em>\u201cLey de Aguas de 1184. Comentada y concordada. R\u00e9gimen jur\u00eddico de la administraci\u00f3n h\u00eddrica, leyes 322, 6405 y 5302\u201d<\/em>, de Mauricio Pinto (director), M\u00f3nica Andino y Gladys Rogero.<\/span><\/div>\n","protected":false},"excerpt":{"rendered":"<p>Se trata de la publicaci\u00f3n de una serie de trabajos de destacados autores mendocinos en los que se abordan diferentes tem\u00e1ticas, &#8230;<\/p>\n","protected":false},"author":7,"featured_media":146312,"comment_status":"open","ping_status":"open","sticky":false,"template":"","format":"standard","meta":{"footnotes":""},"categories":[5,37],"tags":[],"class_list":["post-146310","post","type-post","status-publish","format-standard","has-post-thumbnail","hentry","category-actualidad","category-irrigacion"],"_links":{"self":[{"href":"https:\/\/vinasfm.com\/noticias\/wp-json\/wp\/v2\/posts\/146310","targetHints":{"allow":["GET"]}}],"collection":[{"href":"https:\/\/vinasfm.com\/noticias\/wp-json\/wp\/v2\/posts"}],"about":[{"href":"https:\/\/vinasfm.com\/noticias\/wp-json\/wp\/v2\/types\/post"}],"author":[{"embeddable":true,"href":"https:\/\/vinasfm.com\/noticias\/wp-json\/wp\/v2\/users\/7"}],"replies":[{"embeddable":true,"href":"https:\/\/vinasfm.com\/noticias\/wp-json\/wp\/v2\/comments?post=146310"}],"version-history":[{"count":1,"href":"https:\/\/vinasfm.com\/noticias\/wp-json\/wp\/v2\/posts\/146310\/revisions"}],"predecessor-version":[{"id":146313,"href":"https:\/\/vinasfm.com\/noticias\/wp-json\/wp\/v2\/posts\/146310\/revisions\/146313"}],"wp:featuredmedia":[{"embeddable":true,"href":"https:\/\/vinasfm.com\/noticias\/wp-json\/wp\/v2\/media\/146312"}],"wp:attachment":[{"href":"https:\/\/vinasfm.com\/noticias\/wp-json\/wp\/v2\/media?parent=146310"}],"wp:term":[{"taxonomy":"category","embeddable":true,"href":"https:\/\/vinasfm.com\/noticias\/wp-json\/wp\/v2\/categories?post=146310"},{"taxonomy":"post_tag","embeddable":true,"href":"https:\/\/vinasfm.com\/noticias\/wp-json\/wp\/v2\/tags?post=146310"}],"curies":[{"name":"wp","href":"https:\/\/api.w.org\/{rel}","templated":true}]}}