{"id":146262,"date":"2025-04-03T09:37:43","date_gmt":"2025-04-03T12:37:43","guid":{"rendered":"https:\/\/vinasfm.com\/noticias\/?p=146262"},"modified":"2025-04-04T08:39:19","modified_gmt":"2025-04-04T11:39:19","slug":"un-ciclista-de-69-anos-resulto-herido-tras-ser-impactado-por-una-motocicleta-en-villa-atuel","status":"publish","type":"post","link":"https:\/\/vinasfm.com\/noticias\/un-ciclista-de-69-anos-resulto-herido-tras-ser-impactado-por-una-motocicleta-en-villa-atuel\/","title":{"rendered":"UN CICLISTA DE 69 A\u00d1OS RESULT\u00d3 HERIDO TRAS SER IMPACTADO POR UNA MOTOCICLETA EN VILLA ATUEL"},"content":{"rendered":"<h4><span style=\"color: #000000;\">El incidente ocurri\u00f3 el martes promediando las 08:15 horas, en la intersecci\u00f3n de las calles Arizu y Cobos, en Villa Atuel.<\/span><\/h4>\n<p data-sourcepos=\"5:1-5:337\"><span style=\"color: #000000;\">Seg\u00fan la informaci\u00f3n policial<strong>, tanto el ciclista, identificado como M.C., como el conductor de la moto Mondial 110cc roja, J.E.A.C. de 18 a\u00f1os, circulaban por la calle Arizu en direcci\u00f3n sur.<\/strong> Al llegar a la intersecci\u00f3n con la calle Cobos, <strong>la moto choc\u00f3 con la bicicleta, provocando la ca\u00edda de M.C. y un fuerte golpe en la cabeza.<\/strong><\/span><\/p>\n<p data-sourcepos=\"7:1-7:225\"><span style=\"color: #000000;\">El ciclista fue trasladado de inmediato al Hospital Enfermeros Argentinos, donde <strong>se le diagnostic\u00f3 politraumatismo moderado con una herida cortante en el cr\u00e1neo. Se encuentra recibiendo atenci\u00f3n m\u00e9dica y su estado es estable.<\/strong><\/span><\/p>\n<p data-sourcepos=\"9:1-9:80\"><span style=\"color: #000000;\">Las autoridades contin\u00faan investigando las circunstancias exactas del accidente.<\/span><\/p>\n","protected":false},"excerpt":{"rendered":"<p>El incidente ocurri\u00f3 el martes promediando las 08:15 horas, en la intersecci\u00f3n de las calles Arizu y Cobos, en Villa Atuel. &#8230;<\/p>\n","protected":false},"author":7,"featured_media":41731,"comment_status":"open","ping_status":"open","sticky":false,"template":"","format":"standard","meta":{"footnotes":""},"categories":[4,184],"tags":[],"class_list":["post-146262","post","type-post","status-publish","format-standard","has-post-thumbnail","hentry","category-policiales","category-siniestro-vial"],"_links":{"self":[{"href":"https:\/\/vinasfm.com\/noticias\/wp-json\/wp\/v2\/posts\/146262","targetHints":{"allow":["GET"]}}],"collection":[{"href":"https:\/\/vinasfm.com\/noticias\/wp-json\/wp\/v2\/posts"}],"about":[{"href":"https:\/\/vinasfm.com\/noticias\/wp-json\/wp\/v2\/types\/post"}],"author":[{"embeddable":true,"href":"https:\/\/vinasfm.com\/noticias\/wp-json\/wp\/v2\/users\/7"}],"replies":[{"embeddable":true,"href":"https:\/\/vinasfm.com\/noticias\/wp-json\/wp\/v2\/comments?post=146262"}],"version-history":[{"count":1,"href":"https:\/\/vinasfm.com\/noticias\/wp-json\/wp\/v2\/posts\/146262\/revisions"}],"predecessor-version":[{"id":146263,"href":"https:\/\/vinasfm.com\/noticias\/wp-json\/wp\/v2\/posts\/146262\/revisions\/146263"}],"wp:featuredmedia":[{"embeddable":true,"href":"https:\/\/vinasfm.com\/noticias\/wp-json\/wp\/v2\/media\/41731"}],"wp:attachment":[{"href":"https:\/\/vinasfm.com\/noticias\/wp-json\/wp\/v2\/media?parent=146262"}],"wp:term":[{"taxonomy":"category","embeddable":true,"href":"https:\/\/vinasfm.com\/noticias\/wp-json\/wp\/v2\/categories?post=146262"},{"taxonomy":"post_tag","embeddable":true,"href":"https:\/\/vinasfm.com\/noticias\/wp-json\/wp\/v2\/tags?post=146262"}],"curies":[{"name":"wp","href":"https:\/\/api.w.org\/{rel}","templated":true}]}}