{"id":146258,"date":"2025-04-03T09:25:23","date_gmt":"2025-04-03T12:25:23","guid":{"rendered":"https:\/\/vinasfm.com\/noticias\/?p=146258"},"modified":"2025-04-03T18:53:27","modified_gmt":"2025-04-03T21:53:27","slug":"molero-se-refirio-al-panorama-electoral-y-senalo-que-en-mendoza-hay-expectativa-con-poder-cerrar-acuerdos","status":"publish","type":"post","link":"https:\/\/vinasfm.com\/noticias\/molero-se-refirio-al-panorama-electoral-y-senalo-que-en-mendoza-hay-expectativa-con-poder-cerrar-acuerdos\/","title":{"rendered":"MOLERO SE REFIRI\u00d3 AL PANORAMA ELECTORAL Y SE\u00d1AL\u00d3 QUE \u00abEN MENDOZA HAY EXPECTATIVA CON PODER CERRAR ACUERDOS\u00bb"},"content":{"rendered":"<h4><span style=\"color: #000000;\">En di\u00e1logo con FM VI\u00d1AS, en el marco del acto por el <em>\u00abD\u00eda del Veterano y los Ca\u00eddos en la Guerra de Malvinas\u00bb<\/em>, el Intendente Alejandro Molero brind\u00f3 detalles sobre la pr\u00f3xima Fiesta del Campo y analiz\u00f3 el escenario pol\u00edtico provincial.<\/span><\/h4>\n<p><span style=\"color: #000000;\">A inicio de la semana, el <span style=\"color: #003366;\"><strong>Sr. Intendente Alejandro Molero<\/strong><\/span> viaj\u00f3 a la capital povincial, acompa\u00f1ado por integrantes de la <strong>C\u00e1mara de Comercio<\/strong>, y mantuvo una reuni\u00f3n con el Sr. Gobernador. En ese contexto, Molero confirm\u00f3 la presencia de <span style=\"color: #003366;\"><strong>Alfredo Cornejo<\/strong><\/span> en el <em>Almuerzo Oficial de la Fiesta Nacional de la Ganader\u00eda de Zonas \u00c1ridas<\/em>, a pesar de sus compromisos previos en Houston.<strong><em> \u00abEl gobernador ha elegido estar en el Almuerzo Oficial, lo cual estaba en dudas en su momento porque ten\u00eda una agenda muy apretada. Sin embargo, acomod\u00f3 sus vuelos para poder estar presente\u00bb<\/em><\/strong>, explic\u00f3 el intendente.<\/span><\/p>\n<p><span style=\"color: #000000;\">En cuanto a las autoridades nacionales, Molero inform\u00f3 que se est\u00e1 trabajando en la confirmaci\u00f3n de la presencia del <em>Ministro de Defensa<\/em>, <span style=\"color: #003366;\"><strong>Luis Petri<\/strong><\/span>, y se eval\u00faa su asistencia tanto al <em>D\u00eda del Campo<\/em> como al <em>Almuerzo Oficial<\/em>. Adem\u00e1s, se espera la confirmaci\u00f3n del <em>Secretario de Turismo, Ambiente y Deportes de la Naci\u00f3n<\/em>, <span style=\"color: #003366;\"><strong>Daniel Scioli<\/strong><\/span>, y de otras personalidades que <em><strong>\u00able pondr\u00e1n color a la fiesta\u00bb.<\/strong><\/em><\/span><\/p>\n<p><span style=\"color: #000000;\">Consultado sobre el panorama electoral en Mendoza, Molero se\u00f1al\u00f3 que las definiciones depender\u00e1n de las negociaciones en curso con <span style=\"color: #993366;\"><strong>La Libertad Avanza<\/strong><\/span>. <strong><em>\u00abCreo que hoy en la provincia hay expectativa con poder cerrar algunos acuerdos, especialmente con la Libertad Avanza. Si Mendoza desdobla o no, y la decisi\u00f3n de ir juntos en el cronograma electoral con Naci\u00f3n, depender\u00e1 de los resultados de esos acuerdos\u00bb.<\/em><\/strong><\/span><\/p>\n<p><span style=\"color: #000000;\">Molero anticip\u00f3 que, de concretarse una alianza, las elecciones se realizar\u00edan en octubre. De lo contrario, la provincia podr\u00eda desdoblar las elecciones, celebrando las provinciales en febrero o marzo del pr\u00f3ximo a\u00f1o.<\/span><\/p>\n","protected":false},"excerpt":{"rendered":"<p>En di\u00e1logo con FM VI\u00d1AS, en el marco del acto por el \u00abD\u00eda del Veterano y los Ca\u00eddos en la Guerra &#8230;<\/p>\n","protected":false},"author":7,"featured_media":146260,"comment_status":"open","ping_status":"open","sticky":false,"template":"","format":"standard","meta":{"footnotes":""},"categories":[5,7],"tags":[],"class_list":["post-146258","post","type-post","status-publish","format-standard","has-post-thumbnail","hentry","category-actualidad","category-politica"],"_links":{"self":[{"href":"https:\/\/vinasfm.com\/noticias\/wp-json\/wp\/v2\/posts\/146258","targetHints":{"allow":["GET"]}}],"collection":[{"href":"https:\/\/vinasfm.com\/noticias\/wp-json\/wp\/v2\/posts"}],"about":[{"href":"https:\/\/vinasfm.com\/noticias\/wp-json\/wp\/v2\/types\/post"}],"author":[{"embeddable":true,"href":"https:\/\/vinasfm.com\/noticias\/wp-json\/wp\/v2\/users\/7"}],"replies":[{"embeddable":true,"href":"https:\/\/vinasfm.com\/noticias\/wp-json\/wp\/v2\/comments?post=146258"}],"version-history":[{"count":3,"href":"https:\/\/vinasfm.com\/noticias\/wp-json\/wp\/v2\/posts\/146258\/revisions"}],"predecessor-version":[{"id":146282,"href":"https:\/\/vinasfm.com\/noticias\/wp-json\/wp\/v2\/posts\/146258\/revisions\/146282"}],"wp:featuredmedia":[{"embeddable":true,"href":"https:\/\/vinasfm.com\/noticias\/wp-json\/wp\/v2\/media\/146260"}],"wp:attachment":[{"href":"https:\/\/vinasfm.com\/noticias\/wp-json\/wp\/v2\/media?parent=146258"}],"wp:term":[{"taxonomy":"category","embeddable":true,"href":"https:\/\/vinasfm.com\/noticias\/wp-json\/wp\/v2\/categories?post=146258"},{"taxonomy":"post_tag","embeddable":true,"href":"https:\/\/vinasfm.com\/noticias\/wp-json\/wp\/v2\/tags?post=146258"}],"curies":[{"name":"wp","href":"https:\/\/api.w.org\/{rel}","templated":true}]}}