{"id":146251,"date":"2025-04-03T08:52:01","date_gmt":"2025-04-03T11:52:01","guid":{"rendered":"https:\/\/vinasfm.com\/noticias\/?p=146251"},"modified":"2025-04-04T08:39:48","modified_gmt":"2025-04-04T11:39:48","slug":"jovenes-de-punta-del-agua-brindan-un-curso-gratuito-de-computacion-para-la-comunidad","status":"publish","type":"post","link":"https:\/\/vinasfm.com\/noticias\/jovenes-de-punta-del-agua-brindan-un-curso-gratuito-de-computacion-para-la-comunidad\/","title":{"rendered":"J\u00d3VENES DE PUNTA DEL AGUA BRINDAN UN CURSO GRATUITO DE COMPUTACI\u00d3N PARA LA COMUNIDAD"},"content":{"rendered":"<div class=\"xdj266r x11i5rnm xat24cr x1mh8g0r x1vvkbs x126k92a\">\n<h4 dir=\"auto\"><span style=\"color: #000000;\">Un grupo de estudiantes de la Escuela Secundaria 4-198 Francisco Garc\u00eda de Punta del Agua ha dado un paso al frente para compartir sus habilidades en computaci\u00f3n con sus vecinos. Estos j\u00f3venes comprometidos ofrecer\u00e1n un curso gratuito de computaci\u00f3n, abriendo puertas a nuevas oportunidades en su comunidad rural.<\/span><\/h4>\n<div dir=\"auto\"><span style=\"color: #000000;\">El curso, que dar\u00e1 inicio el jueves 3 a las 16:00 horas en el Sal\u00f3n de Usos M\u00faltiples (SUM) del distrito, est\u00e1 <strong>dirigido a personas mayores de 18 a\u00f1os que cuenten con su propia notebook o netbook. Al finalizar el curso, se entregar\u00e1n certificados a los participantes.<\/strong><\/span><\/div>\n<div dir=\"auto\"><\/div>\n<div dir=\"auto\"><span style=\"color: #000000;\">Esta iniciativa <strong>es posible gracias a la reciente instalaci\u00f3n del servicio de internet satelital Starlink en la Delegaci\u00f3n Municipal<\/strong>, lo que ha mejorado significativamente el acceso a herramientas digitales en la zona.<strong> El proyecto, impulsado en colaboraci\u00f3n con la Delegaci\u00f3n Municipal, busca reducir la brecha tecnol\u00f3gica y fomentar el desarrollo local.<\/strong><\/span><\/div>\n<div dir=\"auto\"><\/div>\n<div dir=\"auto\"><span style=\"color: #000000;\">Este acto de generosidad y compromiso por parte de los j\u00f3venes de Punta del Agua es un ejemplo inspirador de c\u00f3mo la educaci\u00f3n y la solidaridad pueden transformar una comunidad.<\/span><\/div>\n<div dir=\"auto\"><\/div>\n<\/div>\n","protected":false},"excerpt":{"rendered":"<p>Un grupo de estudiantes de la Escuela Secundaria 4-198 Francisco Garc\u00eda de Punta del Agua ha dado un paso al frente &#8230;<\/p>\n","protected":false},"author":7,"featured_media":146254,"comment_status":"open","ping_status":"open","sticky":false,"template":"","format":"standard","meta":{"footnotes":""},"categories":[18,11],"tags":[],"class_list":["post-146251","post","type-post","status-publish","format-standard","has-post-thumbnail","hentry","category-educacion","category-sociales"],"_links":{"self":[{"href":"https:\/\/vinasfm.com\/noticias\/wp-json\/wp\/v2\/posts\/146251","targetHints":{"allow":["GET"]}}],"collection":[{"href":"https:\/\/vinasfm.com\/noticias\/wp-json\/wp\/v2\/posts"}],"about":[{"href":"https:\/\/vinasfm.com\/noticias\/wp-json\/wp\/v2\/types\/post"}],"author":[{"embeddable":true,"href":"https:\/\/vinasfm.com\/noticias\/wp-json\/wp\/v2\/users\/7"}],"replies":[{"embeddable":true,"href":"https:\/\/vinasfm.com\/noticias\/wp-json\/wp\/v2\/comments?post=146251"}],"version-history":[{"count":4,"href":"https:\/\/vinasfm.com\/noticias\/wp-json\/wp\/v2\/posts\/146251\/revisions"}],"predecessor-version":[{"id":146281,"href":"https:\/\/vinasfm.com\/noticias\/wp-json\/wp\/v2\/posts\/146251\/revisions\/146281"}],"wp:featuredmedia":[{"embeddable":true,"href":"https:\/\/vinasfm.com\/noticias\/wp-json\/wp\/v2\/media\/146254"}],"wp:attachment":[{"href":"https:\/\/vinasfm.com\/noticias\/wp-json\/wp\/v2\/media?parent=146251"}],"wp:term":[{"taxonomy":"category","embeddable":true,"href":"https:\/\/vinasfm.com\/noticias\/wp-json\/wp\/v2\/categories?post=146251"},{"taxonomy":"post_tag","embeddable":true,"href":"https:\/\/vinasfm.com\/noticias\/wp-json\/wp\/v2\/tags?post=146251"}],"curies":[{"name":"wp","href":"https:\/\/api.w.org\/{rel}","templated":true}]}}