{"id":146245,"date":"2025-04-03T08:33:00","date_gmt":"2025-04-03T11:33:00","guid":{"rendered":"https:\/\/vinasfm.com\/noticias\/?p=146245"},"modified":"2025-04-03T11:35:17","modified_gmt":"2025-04-03T14:35:17","slug":"en-fotos-asi-se-vivio-el-prologo-de-la-xxv-vuelta-ciclistica-de-alvear","status":"publish","type":"post","link":"https:\/\/vinasfm.com\/noticias\/en-fotos-asi-se-vivio-el-prologo-de-la-xxv-vuelta-ciclistica-de-alvear\/","title":{"rendered":"EN FOTOS, AS\u00cd SE VIVI\u00d3 EL PR\u00d3LOGO DE LA XXV VUELTA CICL\u00cdSTICA DE ALVEAR"},"content":{"rendered":"<h4><span style=\"color: #000000;\">Con alrededor de 100 inscriptos, los pedalistas buscaron ser los mejores en la clasificaci\u00f3n\u00a0<\/span><\/h4>\n<p><span style=\"color: #000000;\">La Vuelta Cicl\u00edstica inici\u00f3 con gran enmoci\u00f3n en el pr\u00f3logo, con un gran marco de p\u00fablico, donde <span style=\"color: #003366;\"><strong>Facundo Ambrosi<\/strong> <em><span style=\"color: #993300;\"><span style=\"color: #000000;\">(Est. jur\u00eddico V\u00e1zquez &#8211; Municipalidad de Santa Luc\u00eda \u00abB\u00bb),<\/span> <\/span><\/em><\/span>se qued\u00f3 con la victoria, imponiendose frente al resto de competidores con su ritmo y t\u00e9cnica y ganando el <em>\u00abGran Premio Tower Hotel &amp; Suites &#8211; Casino\u00bb.<\/em><\/span><\/p>\n<p><span style=\"color: #000000;\">El segundo lugar se lo qued\u00f3 <span style=\"color: #003366;\"><strong>Emiliano Montoya<\/strong><\/span> <em>(Biker \u00abB\u00bb)<\/em>, mientras que el tercer lugar fue para <span style=\"color: #003366;\"><strong>Germ\u00e1n Broggi<\/strong> <\/span><em>(Metaltej \u00abA\u00bb).<\/em><\/span><\/p>\n<p><span style=\"color: #000000;\">Con una gran satisfacci\u00f3n, Ambrosi comparti\u00f3 su experiencia:<em><strong> \u201cla verdad que una etapa muy linda y qui\u00e9n no quiere comenzar as\u00ed. Estoy s\u00faper agradecido de que mis compa\u00f1eros confiaron en m\u00ed y toda la gente que est\u00e1 atr\u00e1s. Quer\u00eda agradecerles a todos ellos, aqu\u00ed en Alvear por recibirnos, la verdad que un lugar hermoso, lleno de gente linda, as\u00ed que gracias por todo\u201d.<\/strong><\/em><\/span><\/p>\n<p><span style=\"color: #000000;\">Para el ciclista todo es novedoso, ya que es su primera participaci\u00f3n en la Vuelta Cicl\u00edstica de General Alvear. <em><strong>\u201cEs la primera vez que estoy en General Alvear, esta es mi primera vuelta. Este a\u00f1o reci\u00e9n tengo la edad para correrla, as\u00ed que estoy s\u00faper contento de poder empezar as\u00ed\u201d<\/strong><\/em>, expres\u00f3 el joven ciclista.<\/span><\/p>\n<p><span style=\"color: #000000;\">La jornada tambi\u00e9n cont\u00f3 cont\u00f3 con un ciclista accidentado, <strong>el competidor sufri\u00f3 una ca\u00edda tras atropellar un canino.<\/strong> Seg\u00fan el parte m\u00e9dico, el masculino present\u00f3 politraumatismos lees, se realiz\u00f3 una radigraf\u00eda arrojando un resultado normal, por lo que recibi\u00f3 el alta.<\/span><\/p>\n<p><img loading=\"lazy\" decoding=\"async\" class=\"\" src=\"https:\/\/scontent.fmdz4-1.fna.fbcdn.net\/v\/t51.75761-15\/488547287_18341704474082085_617934755967807784_n.jpg?_nc_cat=107&amp;ccb=1-7&amp;_nc_sid=127cfc&amp;_nc_eui2=AeE9baxEMKdr5VsiJCZehraxwtUGdvkR5H_C1QZ2-RHkfxtKa2DJGclhbOuxG_sgJQ7l901gDzQYLjMy5eruGg4_&amp;_nc_ohc=ZndxZjh3TMkQ7kNvgFe6r0J&amp;_nc_oc=AdmJO5Ket6OMWaAT-n1R29CxeZMmrHszLoyTb7Fjdfc053mxVIkhEf7HQcUB1znZduo&amp;_nc_zt=23&amp;_nc_ht=scontent.fmdz4-1.fna&amp;_nc_gid=n8PYmU4sl3X8N72_tAaPtA&amp;oh=00_AYF8bst5vkwwZ-96rQ6rGmuxo87XwWqaJHNc-sa6gJom1w&amp;oe=67F43E07\" alt=\"Puede ser una imagen de \u200e4 personas, bicicleta, multitud y \u200etexto que dice &quot;\u200eING 0 \u0645 AID General Nenartes Direcoion ALVEAR Fisica Depore ATe 30 cervelo\u200e&quot;\u200e\u200e\" width=\"351\" height=\"234\" \/> <img loading=\"lazy\" decoding=\"async\" class=\"\" src=\"https:\/\/scontent.fmdz5-1.fna.fbcdn.net\/v\/t51.75761-15\/488280455_18341704495082085_6334293121853983633_n.jpg?_nc_cat=110&amp;ccb=1-7&amp;_nc_sid=127cfc&amp;_nc_eui2=AeE2lsdg6Yu3ZDntyoJ9bucvG9zlw8QP1gsb3OXDxA_WC9TJg2db2dw5XXuoF6ohQCBH_D3pmkbKECznNgy3YOxu&amp;_nc_ohc=6b-_L01x6BkQ7kNvgHHTCyG&amp;_nc_oc=Admqi9-B0a0gtXivxzIepJteGlOyQeWcwO_a5nqwXlMKX0mwpOGP3IfugTcIzm72c18&amp;_nc_zt=23&amp;_nc_ht=scontent.fmdz5-1.fna&amp;_nc_gid=Gfnlxfz9V-r2TX_efjc3DA&amp;oh=00_AYGkf6dWBOogw_qxDlQOOEHLsb2mHAstVdD15aLZntYrbg&amp;oe=67F43FFA\" alt=\"Puede ser una imagen de 9 personas, bicicleta, multitud y carretera\" width=\"351\" height=\"234\" \/><\/p>\n<p><img loading=\"lazy\" decoding=\"async\" class=\"\" src=\"https:\/\/scontent.fmdz4-1.fna.fbcdn.net\/v\/t51.75761-15\/488540830_18341704504082085_1753499827115290991_n.jpg?_nc_cat=102&amp;ccb=1-7&amp;_nc_sid=127cfc&amp;_nc_eui2=AeHkwjarKLZayHg8Bue3ZRPQ2_3mRq1q1vHb_eZGrWrW8SDGjWztGsRYaFoJ89_vIDk0ABrQ34fzUw3cWLGtWxF2&amp;_nc_ohc=_umSyAQO9jcQ7kNvgF1RU5M&amp;_nc_oc=AdmgmAo7S2SX8Sb-Z81VKg1hvNeHHp-j2PgPtDJIuN3_E9kD8Y2BsWTn5SRhxC5shwM&amp;_nc_zt=23&amp;_nc_ht=scontent.fmdz4-1.fna&amp;_nc_gid=l7_kzCQgbP8FfaTtOgqufA&amp;oh=00_AYFJisZy_4p4tq9S67Y6lpUOtmgmYqyQzG-W8QpoB0U-rA&amp;oe=67F44A89\" alt=\"Puede ser una imagen de 6 personas, bicicleta, multitud y texto que dice &quot;\u129d IKINGO 02321 S&quot;\" width=\"350\" height=\"234\" \/> <img loading=\"lazy\" decoding=\"async\" class=\"\" src=\"https:\/\/scontent.fmdz4-1.fna.fbcdn.net\/v\/t51.75761-15\/488388910_18341704513082085_4752961495015737016_n.jpg?_nc_cat=107&amp;ccb=1-7&amp;_nc_sid=127cfc&amp;_nc_eui2=AeHr8HtQ_XUmrKE8fIT2P8rbxzipTjNNMCLHOKlOM00wIozWshxPqwigr5kgtCrEmFD6PRzl3sGrtGO3rRy5yLC5&amp;_nc_ohc=H-tGKN2V-k4Q7kNvgGhIQRF&amp;_nc_oc=AdlZUHqpTc13wi1QSbim2lHPz6ilGMR9fdsww48LbEwTdNaIyzeDQA5bIyQFmPTWibE&amp;_nc_zt=23&amp;_nc_ht=scontent.fmdz4-1.fna&amp;_nc_gid=Ziw3SU7Hdfq1qoc85d1RDA&amp;oh=00_AYFVfYk1tVtFq1ilmohMImsHMTrEZ-1SemfUaCSqEA65lA&amp;oe=67F42E65\" alt=\"Puede ser una imagen de 5 personas y bicicleta\" width=\"350\" height=\"234\" \/><\/p>\n<p>&nbsp;<\/p>\n<h2><span style=\"color: #000000;\">Etapa 1: \u00abGran Premio VM Plast\u00bb<\/span><\/h2>\n<h3><span style=\"color: #000000;\">Alvear &#8211; Bowen<\/span><\/h3>\n<p><span style=\"color: #000000;\">La etapa del jueves iniciar\u00e1 a las 15:00 horas en Av. Alvear Este 480 y recorrer\u00e1 las calles Diag. C. Pellegini, Centenario, Calle O, Calle 16, Rivadavia de Bowen y Echeverr\u00eda.\u00a0<\/span><\/p>\n<p><span style=\"color: #000000;\">El circuito completo constar\u00e1 de dos giros-104 km aprox.<\/span><\/p>\n<p><img loading=\"lazy\" decoding=\"async\" class=\"aligncenter\" src=\"https:\/\/scontent.fmdz5-1.fna.fbcdn.net\/v\/t39.30808-6\/487484824_985140380412006_5906866377710783673_n.jpg?_nc_cat=110&amp;ccb=1-7&amp;_nc_sid=833d8c&amp;_nc_eui2=AeHo3fvxyFHL8FHiEtD-jhMak0iAcnA0FrGTSIBycDQWsUxqoTic99YkuYWJ6UsVehJMeLZHDO198nhgvnsQHzqH&amp;_nc_ohc=XKz1zMtsqNEQ7kNvgF9FpkJ&amp;_nc_oc=AdlFz3969jBv2p_DRBWJFh-nfyHO-acEO0VV87bIVWGLXX_AXJePg04CQ1fTxY4c5n4&amp;_nc_zt=23&amp;_nc_ht=scontent.fmdz5-1.fna&amp;_nc_gid=IeleuxyVcUUa_PQfT9lOfg&amp;oh=00_AYGJj2lOsJBefzzvdeF2tEZixOebmg-Kxw-jtm_9SAG39Q&amp;oe=67F44587\" alt=\"Puede ser una imagen de 1 persona, mapa y texto que dice &quot;EDICI\u00d3N ANIVERSARIO XXV EDICI\u00d3N VUELTA CICL\u00cdSTICA DE GENERAL ALVEAR ETAPA Jueves 3 de abril 15 hs. Gran Premio VM Plast VM Plast Av. Alvear Este 6 Ruta 188 16 Boe A dle 10 PeKeMu Pellegrini Centenario N 10 Bowen Centenario Calle 0 Rivadavia *El circuito completo consta de dos giros 104 km aprox. AAC DE ECICLISMO ASOCIACION ALVEARENSE General ALVEAR \u0e23\u0e14&quot;\" width=\"441\" height=\"515\" \/><\/p>\n<h6 style=\"text-align: center;\"><span style=\"color: #000000;\">Vuelta Cicl\u00edstica de Alvear, Etapa 1.<\/span><\/h6>\n","protected":false},"excerpt":{"rendered":"<p>Con alrededor de 100 inscriptos, los pedalistas buscaron ser los mejores en la clasificaci\u00f3n\u00a0 La Vuelta Cicl\u00edstica inici\u00f3 con gran enmoci\u00f3n &#8230;<\/p>\n","protected":false},"author":7,"featured_media":146246,"comment_status":"open","ping_status":"open","sticky":false,"template":"","format":"standard","meta":{"footnotes":""},"categories":[5,3],"tags":[],"class_list":["post-146245","post","type-post","status-publish","format-standard","has-post-thumbnail","hentry","category-actualidad","category-deportes"],"_links":{"self":[{"href":"https:\/\/vinasfm.com\/noticias\/wp-json\/wp\/v2\/posts\/146245","targetHints":{"allow":["GET"]}}],"collection":[{"href":"https:\/\/vinasfm.com\/noticias\/wp-json\/wp\/v2\/posts"}],"about":[{"href":"https:\/\/vinasfm.com\/noticias\/wp-json\/wp\/v2\/types\/post"}],"author":[{"embeddable":true,"href":"https:\/\/vinasfm.com\/noticias\/wp-json\/wp\/v2\/users\/7"}],"replies":[{"embeddable":true,"href":"https:\/\/vinasfm.com\/noticias\/wp-json\/wp\/v2\/comments?post=146245"}],"version-history":[{"count":2,"href":"https:\/\/vinasfm.com\/noticias\/wp-json\/wp\/v2\/posts\/146245\/revisions"}],"predecessor-version":[{"id":146270,"href":"https:\/\/vinasfm.com\/noticias\/wp-json\/wp\/v2\/posts\/146245\/revisions\/146270"}],"wp:featuredmedia":[{"embeddable":true,"href":"https:\/\/vinasfm.com\/noticias\/wp-json\/wp\/v2\/media\/146246"}],"wp:attachment":[{"href":"https:\/\/vinasfm.com\/noticias\/wp-json\/wp\/v2\/media?parent=146245"}],"wp:term":[{"taxonomy":"category","embeddable":true,"href":"https:\/\/vinasfm.com\/noticias\/wp-json\/wp\/v2\/categories?post=146245"},{"taxonomy":"post_tag","embeddable":true,"href":"https:\/\/vinasfm.com\/noticias\/wp-json\/wp\/v2\/tags?post=146245"}],"curies":[{"name":"wp","href":"https:\/\/api.w.org\/{rel}","templated":true}]}}