{"id":146227,"date":"2025-04-02T11:02:44","date_gmt":"2025-04-02T14:02:44","guid":{"rendered":"https:\/\/vinasfm.com\/noticias\/?p=146227"},"modified":"2025-04-03T09:42:22","modified_gmt":"2025-04-03T12:42:22","slug":"aumento-el-pan-en-mendoza-y-esto-cuesta-comprar-una-docena-de-tortitas","status":"publish","type":"post","link":"https:\/\/vinasfm.com\/noticias\/aumento-el-pan-en-mendoza-y-esto-cuesta-comprar-una-docena-de-tortitas\/","title":{"rendered":"AUMENT\u00d3 EL PAN EN MENDOZA Y ESTO CUESTA COMPRAR UNA DOCENA DE TORTITAS"},"content":{"rendered":"<h4><span style=\"color: #000000;\">Los nuevos precios comienzan a regir desde este martes 1 de abril.<\/span><\/h4>\n<p><span style=\"color: #000000;\">El cuarto mes del a\u00f1o empez\u00f3 con varios aumentos. Luego de que YPF y Shell comunicaran una suba de los\u00a0<strong>combustibles\u00a0<\/strong>inferior al 2%, ahora las panader\u00edas confirmaron un\u00a0<strong>nuevo incremento en sus productos.<\/strong><\/span><\/p>\n<p><span style=\"color: #000000;\">Se trata de la segunda suba que se da en el 2025, ya que anteriormente se hab\u00eda notificado un\u00a0<strong>aumento\u00a0<\/strong>durante el mes de febrero. Esta actualizaci\u00f3n ir\u00e1 en el orden del 4,5% seg\u00fan confirmaron desde la Asociaci\u00f3n de Industriales Panaderos de Mendoza.<\/span><\/p>\n<p><span style=\"color: #000000;\">La decisi\u00f3n se tom\u00f3 luego de una reuni\u00f3n de Comisi\u00f3n Directiva de dicha asociaci\u00f3n. <em><strong>\u201cSe decidi\u00f3 dar un reajuste a nuestra lista de precios sugeridos para nuestros socios. La misma es del 3,5% respecto a la anterior que fue el 31\/1\u201d<\/strong><\/em>, comentaron de forma oficial.<\/span><\/p>\n<p><span style=\"color: #000000;\">Esta modificaci\u00f3n, seg\u00fan explicaron, se debe al aumento de insumos, sobre todo\u00a0<strong>margarinas y harinas,<\/strong>\u00a0adem\u00e1s de incrementos en servicios, combustibles y sueldos.<\/span><\/p>\n<h2 id=\"h-cuanto-costara-un-kilo-de-pan-y-una-docena-de-tortitas-desde-abril\" class=\"wp-block-heading\"><span style=\"color: #000000;\">Cu\u00e1nto costar\u00e1 un kilo de pan y una docena de tortitas desde abril<\/span><\/h2>\n<p><span style=\"color: #000000;\">Con estos nuevos precios, los valores de un kilo de pan franc\u00e9s, una docena de raspadas o de facturas, quedar\u00e1n de la siguiente manera desde este martes:<\/span><\/p>\n<ul class=\"wp-block-list\">\n<li><span style=\"color: #000000;\"><strong>Pan\u00a0<\/strong>roseta-flautines y franc\u00e9s: $2.500 el kilo.<\/span><\/li>\n<li><span style=\"color: #000000;\"><strong>Tortas\u00a0<\/strong>comunes (la docena): $4.400.<\/span><\/li>\n<li><span style=\"color: #000000;\"><strong>Facturas\u00a0<\/strong>comunes (la docena): $6.300.<\/span><\/li>\n<\/ul>\n","protected":false},"excerpt":{"rendered":"<p>Los nuevos precios comienzan a regir desde este martes 1 de abril. El cuarto mes del a\u00f1o empez\u00f3 con varios aumentos. &#8230;<\/p>\n","protected":false},"author":7,"featured_media":146228,"comment_status":"open","ping_status":"open","sticky":false,"template":"","format":"standard","meta":{"footnotes":""},"categories":[5,169],"tags":[],"class_list":["post-146227","post","type-post","status-publish","format-standard","has-post-thumbnail","hentry","category-actualidad","category-aumentos"],"_links":{"self":[{"href":"https:\/\/vinasfm.com\/noticias\/wp-json\/wp\/v2\/posts\/146227","targetHints":{"allow":["GET"]}}],"collection":[{"href":"https:\/\/vinasfm.com\/noticias\/wp-json\/wp\/v2\/posts"}],"about":[{"href":"https:\/\/vinasfm.com\/noticias\/wp-json\/wp\/v2\/types\/post"}],"author":[{"embeddable":true,"href":"https:\/\/vinasfm.com\/noticias\/wp-json\/wp\/v2\/users\/7"}],"replies":[{"embeddable":true,"href":"https:\/\/vinasfm.com\/noticias\/wp-json\/wp\/v2\/comments?post=146227"}],"version-history":[{"count":1,"href":"https:\/\/vinasfm.com\/noticias\/wp-json\/wp\/v2\/posts\/146227\/revisions"}],"predecessor-version":[{"id":146229,"href":"https:\/\/vinasfm.com\/noticias\/wp-json\/wp\/v2\/posts\/146227\/revisions\/146229"}],"wp:featuredmedia":[{"embeddable":true,"href":"https:\/\/vinasfm.com\/noticias\/wp-json\/wp\/v2\/media\/146228"}],"wp:attachment":[{"href":"https:\/\/vinasfm.com\/noticias\/wp-json\/wp\/v2\/media?parent=146227"}],"wp:term":[{"taxonomy":"category","embeddable":true,"href":"https:\/\/vinasfm.com\/noticias\/wp-json\/wp\/v2\/categories?post=146227"},{"taxonomy":"post_tag","embeddable":true,"href":"https:\/\/vinasfm.com\/noticias\/wp-json\/wp\/v2\/tags?post=146227"}],"curies":[{"name":"wp","href":"https:\/\/api.w.org\/{rel}","templated":true}]}}