{"id":146207,"date":"2025-04-02T08:50:56","date_gmt":"2025-04-02T11:50:56","guid":{"rendered":"https:\/\/vinasfm.com\/noticias\/?p=146207"},"modified":"2025-04-03T08:57:35","modified_gmt":"2025-04-03T11:57:35","slug":"mendoza-se-suma-al-dia-mundial-de-concientizacion-sobre-el-autismo","status":"publish","type":"post","link":"https:\/\/vinasfm.com\/noticias\/mendoza-se-suma-al-dia-mundial-de-concientizacion-sobre-el-autismo\/","title":{"rendered":"MENDOZA SE SUM\u00d3 AL D\u00cdA MUNDIAL DE CONCIENTIZACI\u00d3N SOBRE EL AUTISMO"},"content":{"rendered":"<h4><span style=\"color: #000000;\">Las Naciones Unidas instituyeron al 2 de abril como fecha para informar y sensibilizar sobre esta condici\u00f3n. El autismo abarca una amplia variedad de manifestaciones, que pueden afectar el lenguaje, la conducta y la interacci\u00f3n social.<\/span><\/h4>\n<p><span style=\"color: #000000;\">En el marco del <em>D\u00eda Mundial de Concientizaci\u00f3n sobre el Autismo<\/em>, la <strong>Direcci\u00f3n de Salud Mental y Consumos Problem\u00e1ticos del Ministerio de Salud y Deportes<\/strong> reafirma su <strong>compromiso con la concientizaci\u00f3n sobre el autismo y la promoci\u00f3n de los derechos humanos de las personas con esta condici\u00f3n.<\/strong> Se trata de construir una sociedad m\u00e1s inclusiva y respetuosa, donde todas las personas puedan vivir una vida plena, satisfactoria y con igualdad de oportunidades.<\/span><\/p>\n<p><span style=\"color: #000000;\"><strong>El autismo abarca una amplia variedad de manifestaciones, que pueden afectar el lenguaje, la conducta y la interacci\u00f3n social.<\/strong> M\u00e1s que solo comprenderlo como un conjunto de s\u00edntomas, es clave focalizar en el modo de relaci\u00f3n y en el impacto que tiene en los aspectos comunicacionales.<\/span><\/p>\n<p><span style=\"color: #000000;\">La <strong>Direcci\u00f3n de Discapacidad<\/strong> tambi\u00e9n se suma a estas acciones a trav\u00e9s de su <strong>programa provincial Deseprec<\/strong> <em>(Detecci\u00f3n, seguimiento y estimulaci\u00f3n temprana)<\/em>, que permite realizar diagn\u00f3sticos oportunos con el apoyo de sus efectores en todo el territorio provincial. <strong>Este programa es fundamental para garantizar una mejor calidad de vida a las personas con Trastorno del Espectro Autista (TEA) y sus familias, promoviendo una atenci\u00f3n integral desde la primera infancia.<\/strong><\/span><\/p>\n<p><span style=\"color: #000000;\">En Mendoza, diversas iniciativas se llevan a cabo para sensibilizar y apoyar a la comunidad con TEA. Desde 2007, el Ministerio de Salud y Deportes ilumina edificios p\u00fablicos con color azul, s\u00edmbolo del autismo, cuenta con legislaci\u00f3n como la <strong><em>\u201chora silenciosa\u201d<\/em><\/strong>, en hipermercados, y <em><strong>\u201cfunciones distendidas\u201d<\/strong><\/em>, en cines.<\/span><\/p>\n<h2><span style=\"color: #000000;\"><strong>Normativa<\/strong><\/span><\/h2>\n<p><span style=\"color: #000000;\">En Argentina, luego de adoptar la <strong>Convenci\u00f3n sobre Derechos de las Personas con Discapacidad<\/strong> y la <strong>Ley Nacional de Salud Mental 26657<\/strong>, se promulg\u00f3 la Ley 27043, que declara de inter\u00e9s nacional el abordaje integral y especializado de las personas con autismo. Adem\u00e1s, prioriza la investigaci\u00f3n cient\u00edfica y la formaci\u00f3n de profesionales en la detecci\u00f3n temprana, diagn\u00f3stico y tratamiento, as\u00ed como la difusi\u00f3n y el acceso a servicios especializados.<\/span><\/p>\n<p><span style=\"color: #000000;\"><strong>Un d\u00eda para la concientizaci\u00f3n y la inclusi\u00f3n<\/strong><\/span><\/p>\n<p><span style=\"color: #000000;\">Desde su designaci\u00f3n en 2007, el 2 de abril se ha convertido en un d\u00eda fundamental. La Organizaci\u00f3n de las Naciones Unidas (ONU) trabaja mundialmente para garantizar la participaci\u00f3n igualitaria de las personas autistas en la sociedad.<\/span><\/p>\n<p><span style=\"color: #000000;\">A lo largo de los a\u00f1os, se han logrado avances significativos gracias al esfuerzo de defensores del autismo que han trabajado para concientizar sobre las experiencias vividas por las personas autistas. La resoluci\u00f3n de la Asamblea General de la ONU, de 2017, destac\u00f3 la necesidad de sensibilizar a la opini\u00f3n p\u00fablica sobre el autismo a escala mundial.<\/span><\/p>\n","protected":false},"excerpt":{"rendered":"<p>Las Naciones Unidas instituyeron al 2 de abril como fecha para informar y sensibilizar sobre esta condici\u00f3n. El autismo abarca una &#8230;<\/p>\n","protected":false},"author":7,"featured_media":146208,"comment_status":"open","ping_status":"open","sticky":false,"template":"","format":"standard","meta":{"footnotes":""},"categories":[15,11],"tags":[],"class_list":["post-146207","post","type-post","status-publish","format-standard","has-post-thumbnail","hentry","category-salud","category-sociales"],"_links":{"self":[{"href":"https:\/\/vinasfm.com\/noticias\/wp-json\/wp\/v2\/posts\/146207","targetHints":{"allow":["GET"]}}],"collection":[{"href":"https:\/\/vinasfm.com\/noticias\/wp-json\/wp\/v2\/posts"}],"about":[{"href":"https:\/\/vinasfm.com\/noticias\/wp-json\/wp\/v2\/types\/post"}],"author":[{"embeddable":true,"href":"https:\/\/vinasfm.com\/noticias\/wp-json\/wp\/v2\/users\/7"}],"replies":[{"embeddable":true,"href":"https:\/\/vinasfm.com\/noticias\/wp-json\/wp\/v2\/comments?post=146207"}],"version-history":[{"count":2,"href":"https:\/\/vinasfm.com\/noticias\/wp-json\/wp\/v2\/posts\/146207\/revisions"}],"predecessor-version":[{"id":146256,"href":"https:\/\/vinasfm.com\/noticias\/wp-json\/wp\/v2\/posts\/146207\/revisions\/146256"}],"wp:featuredmedia":[{"embeddable":true,"href":"https:\/\/vinasfm.com\/noticias\/wp-json\/wp\/v2\/media\/146208"}],"wp:attachment":[{"href":"https:\/\/vinasfm.com\/noticias\/wp-json\/wp\/v2\/media?parent=146207"}],"wp:term":[{"taxonomy":"category","embeddable":true,"href":"https:\/\/vinasfm.com\/noticias\/wp-json\/wp\/v2\/categories?post=146207"},{"taxonomy":"post_tag","embeddable":true,"href":"https:\/\/vinasfm.com\/noticias\/wp-json\/wp\/v2\/tags?post=146207"}],"curies":[{"name":"wp","href":"https:\/\/api.w.org\/{rel}","templated":true}]}}