{"id":146203,"date":"2025-04-02T08:28:37","date_gmt":"2025-04-02T11:28:37","guid":{"rendered":"https:\/\/vinasfm.com\/noticias\/?p=146203"},"modified":"2025-04-03T08:57:55","modified_gmt":"2025-04-03T11:57:55","slug":"alcohol-al-volante-un-conductor-debera-pagar-13-500-000-por-los-danos-que-ocasiono-en-un-accidente","status":"publish","type":"post","link":"https:\/\/vinasfm.com\/noticias\/alcohol-al-volante-un-conductor-debera-pagar-13-500-000-por-los-danos-que-ocasiono-en-un-accidente\/","title":{"rendered":"ALCOHOL AL VOLANTE: UN CONDUCTOR DEBER\u00c1 PAGAR $13.500.000 POR LOS DA\u00d1OS QUE OCASION\u00d3 EN UN ACCIDENTE"},"content":{"rendered":"<h4><span style=\"color: #000000;\">La demanda, realizada por Vialidad Mendoza, fue homologada el 18 de marzo. El Gobernador Alfredo Cornejo confirm\u00f3 la condena en una conferencia de prensa, donde tambi\u00e9n habl\u00f3 de las pr\u00f3ximas elecciones.<\/span><\/h4>\n<p><span style=\"color: #000000;\">Al igual que durante el a\u00f1o pasado, <strong>Mendoza contin\u00faa intensificando los controles viales de alcoholemia en conductores que circulan por rutas y calles de la provincia.<\/strong><\/span><\/p>\n<p><span style=\"color: #000000;\">El crecimiento de los operativos est\u00e1 relacionado con el mayor uso de alcohol\u00edmetros, una medida eficaz para la prevenci\u00f3n. <strong>El objetivo de estas acciones sigue siendo disminuir la cantidad de conductores que circulan bajo los efectos del alcohol<\/strong>, y de este modo <strong>lograr una reducci\u00f3n de accidentes<\/strong> de tr\u00e1nsito en Mendoza.<\/span><\/p>\n<p><span style=\"color: #000000;\">Pese a que se aumentaron los controles viales con respecto a 2023, la estad\u00edstica marca que han bajado las infracciones vinculadas al consumo de alcohol al volante. <em><strong>\u201cTenemos una ca\u00edda estrepitosa en la positividad pese a que, como dijo el Gobernador, hemos casi triplicado los controles\u201d<\/strong><\/em>, sostuvo la <em>ministra de Seguridad y Justicia<\/em>, <strong><span style=\"color: #003366;\">Mercedes Rus.<\/span><\/strong><\/span><\/p>\n<p><span style=\"color: #000000;\">Este resultado de la baja positividad tambi\u00e9n se da por el fortalecimiento del marco normativo, sumado a las sanciones m\u00e1s severas para conductores con alcoholemia superior a los l\u00edmites permitidos.<\/span><\/p>\n<p><img decoding=\"async\" src=\"https:\/\/www.mendoza.gov.ar\/wp-content\/uploads\/sites\/5\/2025\/04\/MG_6417-1-700x467.jpg\" \/><\/p>\n<p><span style=\"color: #000000;\">En conferencia de prensa, el <span style=\"color: #003366;\"><strong>Gobernador Alfredo Cornejo<\/strong><\/span> mencion\u00f3 un caso reciente en el que un conductor alcoholizado fue condenado a pagar por los da\u00f1os ocasionados. <strong><em>\u201cTenemos una condena reciente a un conductor alcoholizado que rompi\u00f3 unas luminarias. Ahora las tiene que reparar, o sea, tiene que pagar el costo de las luminarias\u201d<\/em><\/strong>, dijo el mandatario, y record\u00f3 que <em><strong>\u201ctambi\u00e9n tenemos ya dos casos en los que quienes han ocasionado accidentes han tenido que pagar por internaci\u00f3n y hay un condenado penal\u201d.<\/strong><\/em><\/span><\/p>\n<p><span style=\"color: #000000;\">El primer hecho al que se refiri\u00f3 el Gobernador <strong>ocurri\u00f3 el 23 julio de 2023<\/strong>, cuando el conductor de un veh\u00edculo derrib\u00f3 tres luminarias del Corredor del Oeste con su autom\u00f3vil. <strong>El joven, de 20 a\u00f1os, deber\u00e1 pagar a la Direcci\u00f3n Provincial de Vialidad $13.500.000 por los da\u00f1os que ocasion\u00f3 en el accidente. Ser\u00e1n cancelados en seis cuotas a partir de abril.<\/strong><\/span><\/p>\n<p><span style=\"color: #000000;\">Tal cual la habilita la Ley 6063, <strong>Vialidad Mendoza inici\u00f3 la demanda civil correspondiente para reclamar por los da\u00f1os provocados sobre los bienes de su patrimonio<\/strong>. M\u00e1s tarde, se lleg\u00f3 a un acuerdo judicial con el infractor que fue homologado el 18 de marzo pasado, a trav\u00e9s del cual el responsable de los da\u00f1os se comprometi\u00f3 a pagar los gastos por los bienes afectados.<\/span><\/p>\n<p>&nbsp;<\/p>\n","protected":false},"excerpt":{"rendered":"<p>La demanda, realizada por Vialidad Mendoza, fue homologada el 18 de marzo. El Gobernador Alfredo Cornejo confirm\u00f3 la condena en una &#8230;<\/p>\n","protected":false},"author":7,"featured_media":146204,"comment_status":"open","ping_status":"open","sticky":false,"template":"","format":"standard","meta":{"footnotes":""},"categories":[22,56],"tags":[],"class_list":["post-146203","post","type-post","status-publish","format-standard","has-post-thumbnail","hentry","category-justicia","category-seguridad-vial"],"_links":{"self":[{"href":"https:\/\/vinasfm.com\/noticias\/wp-json\/wp\/v2\/posts\/146203","targetHints":{"allow":["GET"]}}],"collection":[{"href":"https:\/\/vinasfm.com\/noticias\/wp-json\/wp\/v2\/posts"}],"about":[{"href":"https:\/\/vinasfm.com\/noticias\/wp-json\/wp\/v2\/types\/post"}],"author":[{"embeddable":true,"href":"https:\/\/vinasfm.com\/noticias\/wp-json\/wp\/v2\/users\/7"}],"replies":[{"embeddable":true,"href":"https:\/\/vinasfm.com\/noticias\/wp-json\/wp\/v2\/comments?post=146203"}],"version-history":[{"count":1,"href":"https:\/\/vinasfm.com\/noticias\/wp-json\/wp\/v2\/posts\/146203\/revisions"}],"predecessor-version":[{"id":146205,"href":"https:\/\/vinasfm.com\/noticias\/wp-json\/wp\/v2\/posts\/146203\/revisions\/146205"}],"wp:featuredmedia":[{"embeddable":true,"href":"https:\/\/vinasfm.com\/noticias\/wp-json\/wp\/v2\/media\/146204"}],"wp:attachment":[{"href":"https:\/\/vinasfm.com\/noticias\/wp-json\/wp\/v2\/media?parent=146203"}],"wp:term":[{"taxonomy":"category","embeddable":true,"href":"https:\/\/vinasfm.com\/noticias\/wp-json\/wp\/v2\/categories?post=146203"},{"taxonomy":"post_tag","embeddable":true,"href":"https:\/\/vinasfm.com\/noticias\/wp-json\/wp\/v2\/tags?post=146203"}],"curies":[{"name":"wp","href":"https:\/\/api.w.org\/{rel}","templated":true}]}}