{"id":146200,"date":"2025-04-02T08:22:16","date_gmt":"2025-04-02T11:22:16","guid":{"rendered":"https:\/\/vinasfm.com\/noticias\/?p=146200"},"modified":"2025-04-03T08:58:17","modified_gmt":"2025-04-03T11:58:17","slug":"tem-2025-comenzo-la-preinscripcion-en-el-programa-para-terminar-la-secundaria","status":"publish","type":"post","link":"https:\/\/vinasfm.com\/noticias\/tem-2025-comenzo-la-preinscripcion-en-el-programa-para-terminar-la-secundaria\/","title":{"rendered":"TEM 2025: COMENZ\u00d3 LA PREINSCRIPCI\u00d3N EN EL PROGRAMA PARA TERMINAR LA SECUNDARIA"},"content":{"rendered":"<h4><span style=\"color: #000000;\">Los postulantes tendr\u00e1n hasta el 25 de abril para anotarse. Est\u00e1 dirigido a estudiantes que finalizaron el cursado pero quedaron con materias adeudadas.<\/span><\/h4>\n<p><span style=\"color: #000000;\">La <strong>Direcci\u00f3n General de Escuelas<\/strong> <em>(DGE)<\/em> comunica que, por <span style=\"color: #0000ff;\">RESOL-2025- 1259-E-GDEMZA-DGE DGE<\/span>, se implementa el programa T<strong>erminalidad Educativa Mendoza para el ciclo lectivo 2025<\/strong> (TEM 2025-Plan FinEs).<\/span><\/p>\n<p><span style=\"color: #000000;\">Los estudiantes que pueden participar en el Programa TEM 2025 son<strong> aquellos j\u00f3venes y adultos mayores de 18 a\u00f1os que hayan terminado de cursar el \u00faltimo a\u00f1o y adeudan materias, de Centros Educativos de Nivel Secundario, Escuelas Secundarias Orientadas, T\u00e9cnicas<\/strong> <em>(Seg\u00fan Anexo III de la RESOL-2025-1259-E-GDEMZA-DGE)<\/em> <strong>de gesti\u00f3n p\u00fablica o privada.<\/strong><\/span><\/p>\n<p><span style=\"color: #000000;\">El per\u00edodo de preinscripci\u00f3n va del <strong>1 al 25 de abril<\/strong> y los centros educativos de Nivel Secundario que posean listados de estudiantes que se encuentran interesados en el program<strong>a deber\u00e1n ser inscriptos por cada instituci\u00f3n.<\/strong><\/span><\/p>\n<p><span style=\"color: #000000;\">La <strong>Direcci\u00f3n de Educaci\u00f3n Permanente de J\u00f3venes y Adultos ser\u00e1 la encargada de implementar el programa para su ejecuci\u00f3n y administraci\u00f3n.<\/strong> Tambi\u00e9n ser\u00e1 la responsable de asignar sedes para el cursado y administrar\u00e1 los recursos financieros, como de garantizar el pago a los tutores que participan en el proyecto.<\/span><\/p>\n<p><span style=\"color: #000000;\">Se adjunta el memor\u00e1ndum y la resoluci\u00f3n correspondientes.<\/span><br \/>\n<span style=\"color: #000000;\">Para la preinscripci\u00f3n, ingresar a\u00a0<span style=\"color: #0000ff;\"><a style=\"color: #0000ff;\" href=\"https:\/\/forms.gle\/b9h4HtrMSDrbMWnM8.\" data-type=\"URL\" data-id=\"https:\/\/forms.gle\/b9h4HtrMSDrbMWnM8.\">este enlace<\/a><\/span><\/span><\/p>\n<p><span style=\"color: #000000;\">Las tutor\u00edas se realizar\u00e1n desde el lunes 5 de mayo al viernes 27 de junio, mientras que las mesas de examen se llevar\u00e1n a cabo del 30 de junio al 4 de julio de 2025.<\/span><\/p>\n","protected":false},"excerpt":{"rendered":"<p>Los postulantes tendr\u00e1n hasta el 25 de abril para anotarse. Est\u00e1 dirigido a estudiantes que finalizaron el cursado pero quedaron con &#8230;<\/p>\n","protected":false},"author":7,"featured_media":146201,"comment_status":"open","ping_status":"open","sticky":false,"template":"","format":"standard","meta":{"footnotes":""},"categories":[10,18],"tags":[],"class_list":["post-146200","post","type-post","status-publish","format-standard","has-post-thumbnail","hentry","category-destacadas","category-educacion"],"_links":{"self":[{"href":"https:\/\/vinasfm.com\/noticias\/wp-json\/wp\/v2\/posts\/146200","targetHints":{"allow":["GET"]}}],"collection":[{"href":"https:\/\/vinasfm.com\/noticias\/wp-json\/wp\/v2\/posts"}],"about":[{"href":"https:\/\/vinasfm.com\/noticias\/wp-json\/wp\/v2\/types\/post"}],"author":[{"embeddable":true,"href":"https:\/\/vinasfm.com\/noticias\/wp-json\/wp\/v2\/users\/7"}],"replies":[{"embeddable":true,"href":"https:\/\/vinasfm.com\/noticias\/wp-json\/wp\/v2\/comments?post=146200"}],"version-history":[{"count":1,"href":"https:\/\/vinasfm.com\/noticias\/wp-json\/wp\/v2\/posts\/146200\/revisions"}],"predecessor-version":[{"id":146202,"href":"https:\/\/vinasfm.com\/noticias\/wp-json\/wp\/v2\/posts\/146200\/revisions\/146202"}],"wp:featuredmedia":[{"embeddable":true,"href":"https:\/\/vinasfm.com\/noticias\/wp-json\/wp\/v2\/media\/146201"}],"wp:attachment":[{"href":"https:\/\/vinasfm.com\/noticias\/wp-json\/wp\/v2\/media?parent=146200"}],"wp:term":[{"taxonomy":"category","embeddable":true,"href":"https:\/\/vinasfm.com\/noticias\/wp-json\/wp\/v2\/categories?post=146200"},{"taxonomy":"post_tag","embeddable":true,"href":"https:\/\/vinasfm.com\/noticias\/wp-json\/wp\/v2\/tags?post=146200"}],"curies":[{"name":"wp","href":"https:\/\/api.w.org\/{rel}","templated":true}]}}