{"id":146176,"date":"2025-04-01T11:22:46","date_gmt":"2025-04-01T14:22:46","guid":{"rendered":"https:\/\/vinasfm.com\/noticias\/?p=146176"},"modified":"2025-04-02T09:08:29","modified_gmt":"2025-04-02T12:08:29","slug":"secuestraron-en-neuquen-580-kilos-de-carne-proveniente-de-mendoza","status":"publish","type":"post","link":"https:\/\/vinasfm.com\/noticias\/secuestraron-en-neuquen-580-kilos-de-carne-proveniente-de-mendoza\/","title":{"rendered":"SECUESTRARON EN NEUQU\u00c9N 580 KILOS DE CARNE PROVENIENTE DE GENERAL ALVEAR"},"content":{"rendered":"<h4 class=\"description-boxed\"><span style=\"color: #000000;\">Los productos estaban vencidos y ten\u00edan como destino la capital neuquina. El operativo se realiz\u00f3 en la Ruta 6 de la vecina provincia.<\/span><\/h4>\n<p><span style=\"color: #000000;\">En un operativo de control en la ruta provincial 6, cerca de la localidad de Rinc\u00f3n de los Sauces, autoridades de\u00a0<b>Neuqu\u00e9n<\/b>\u00a0secuestraron\u00a0<b>580 kilos de carne en mal estado\u00a0<\/b>que eran transportados sin la habilitaci\u00f3n correspondiente. La mercader\u00eda proven\u00eda de\u00a0<b>General Alvear<\/b>\u00a0y su destino final era la ciudad de Neuqu\u00e9n.<\/span><\/p>\n<p><span style=\"color: #000000;\">El procedimiento se llev\u00f3 a cabo en la madrugada del lunes, cuando una camioneta Toyota Hilux fue detenida para inspecci\u00f3n. En su interior se encontraron\u00a0<b>cortes de carne sin hueso y 29 costillares de asado<\/b>, todos sin certificaci\u00f3n sanitaria.\u00a0<\/span><\/p>\n<p><a href=\"https:\/\/vinasfm.com\/noticias\/wp-content\/uploads\/2025\/04\/decomiso-carne.webp\"><img loading=\"lazy\" decoding=\"async\" class=\"wp-image-146177 aligncenter\" src=\"https:\/\/vinasfm.com\/noticias\/wp-content\/uploads\/2025\/04\/decomiso-carne.webp\" alt=\"\" width=\"600\" height=\"339\" srcset=\"https:\/\/vinasfm.com\/noticias\/wp-content\/uploads\/2025\/04\/decomiso-carne.webp 770w, https:\/\/vinasfm.com\/noticias\/wp-content\/uploads\/2025\/04\/decomiso-carne-300x169.webp 300w, https:\/\/vinasfm.com\/noticias\/wp-content\/uploads\/2025\/04\/decomiso-carne-768x434.webp 768w\" sizes=\"auto, (max-width: 600px) 100vw, 600px\" \/><\/a><\/p>\n<p><span style=\"color: #000000;\">Personal del Control de Ingreso Provincial de Productos Alimentarios (Cippa) de Neuqu\u00e9n labr\u00f3 una infracci\u00f3n y escolt\u00f3 el veh\u00edculo hasta Rinc\u00f3n de los Sauces para decomisar la carga y destruirla.<\/span><\/p>\n<p><span style=\"color: #000000;\">Andr\u00e9s Piotti, presidente del Cippa, confirm\u00f3 el hallazgo y advirti\u00f3 sobre los riesgos sanitarios: \u00abEra carne vencida\u00bb, asegur\u00f3 y agreg\u00f3: \u00abLe pedimos a la poblaci\u00f3n que, por favor, compre en lugares habilitados. Este ingreso de mercader\u00eda es un atentado a la salud p\u00fablica, directamente\u00bb.<\/span><\/p>\n<p><span style=\"color: #000000;\">El destino final de la carne decomisada fue el basurero de Rinc\u00f3n de los Sauces, donde\u00a0<b>fue enterrada y cubierta con cal<\/b>\u00a0para garantizar su degradaci\u00f3n segura.<\/span><\/p>\n","protected":false},"excerpt":{"rendered":"<p>Los productos estaban vencidos y ten\u00edan como destino la capital neuquina. El operativo se realiz\u00f3 en la Ruta 6 de la &#8230;<\/p>\n","protected":false},"author":7,"featured_media":146178,"comment_status":"open","ping_status":"open","sticky":false,"template":"","format":"standard","meta":{"footnotes":""},"categories":[10,70],"tags":[],"class_list":["post-146176","post","type-post","status-publish","format-standard","has-post-thumbnail","hentry","category-destacadas","category-insolito"],"_links":{"self":[{"href":"https:\/\/vinasfm.com\/noticias\/wp-json\/wp\/v2\/posts\/146176","targetHints":{"allow":["GET"]}}],"collection":[{"href":"https:\/\/vinasfm.com\/noticias\/wp-json\/wp\/v2\/posts"}],"about":[{"href":"https:\/\/vinasfm.com\/noticias\/wp-json\/wp\/v2\/types\/post"}],"author":[{"embeddable":true,"href":"https:\/\/vinasfm.com\/noticias\/wp-json\/wp\/v2\/users\/7"}],"replies":[{"embeddable":true,"href":"https:\/\/vinasfm.com\/noticias\/wp-json\/wp\/v2\/comments?post=146176"}],"version-history":[{"count":2,"href":"https:\/\/vinasfm.com\/noticias\/wp-json\/wp\/v2\/posts\/146176\/revisions"}],"predecessor-version":[{"id":146180,"href":"https:\/\/vinasfm.com\/noticias\/wp-json\/wp\/v2\/posts\/146176\/revisions\/146180"}],"wp:featuredmedia":[{"embeddable":true,"href":"https:\/\/vinasfm.com\/noticias\/wp-json\/wp\/v2\/media\/146178"}],"wp:attachment":[{"href":"https:\/\/vinasfm.com\/noticias\/wp-json\/wp\/v2\/media?parent=146176"}],"wp:term":[{"taxonomy":"category","embeddable":true,"href":"https:\/\/vinasfm.com\/noticias\/wp-json\/wp\/v2\/categories?post=146176"},{"taxonomy":"post_tag","embeddable":true,"href":"https:\/\/vinasfm.com\/noticias\/wp-json\/wp\/v2\/tags?post=146176"}],"curies":[{"name":"wp","href":"https:\/\/api.w.org\/{rel}","templated":true}]}}