{"id":146171,"date":"2025-04-01T10:56:29","date_gmt":"2025-04-01T13:56:29","guid":{"rendered":"https:\/\/vinasfm.com\/noticias\/?p=146171"},"modified":"2025-04-02T09:09:05","modified_gmt":"2025-04-02T12:09:05","slug":"alumnos-del-colegio-san-martin-protagonizan-limpieza-del-rio-atuel","status":"publish","type":"post","link":"https:\/\/vinasfm.com\/noticias\/alumnos-del-colegio-san-martin-protagonizan-limpieza-del-rio-atuel\/","title":{"rendered":"ALUMNOS DEL COLEGIO SAN MART\u00cdN PROTAGONIZAN LIMPIEZA DEL R\u00cdO ATUEL"},"content":{"rendered":"<h4><span style=\"color: #000000;\">En el marco del d\u00eda \u00abMundial del Agua\u00bb, la Asesor\u00eda de Gesti\u00f3n Ambiental ha planificado diferentes actividades junto a establecimientos educativos. <\/span><\/h4>\n<p><span style=\"color: #000000;\">En esta oportunidad alumnos del Colegio San Mart\u00edn participaron en una actividad de limpieza del r\u00edo Atuel, un esfuerzo colaborativo que tuvo como objetivo sensibilizar sobre la importancia de conservar tanto la cantidad como la calidad de este vital recurso.<\/span><\/p>\n<p><span style=\"color: #000000;\">La jornada <strong>se llev\u00f3 a cabo en el sector del Puente del R\u00edo hasta la Costanera, con dos grupos de estudiantes realizando la limpieza de diferentes tramos del r\u00edo.<\/strong><\/span><\/p>\n<p><span style=\"color: #000000;\"><span style=\"color: #003366;\"><strong>Denis Rabanal<\/strong><\/span>, <em>asesor de Gesti\u00f3n Ambiental<\/em>, explic\u00f3 que esta actividad se realiza anualmente y es fundamental para que los estudiantes comprendan el impacto de la basura en los ecosistemas acu\u00e1ticos. <em><strong>\u00abEs sorprendente y preocupante ver la cantidad de residuos en el r\u00edo, lo que hace a\u00fan m\u00e1s relevante el trabajo de concientizaci\u00f3n que realizamos con los chicos\u00bb<\/strong><\/em>, expres\u00f3.<\/span><\/p>\n<p><a href=\"https:\/\/vinasfm.com\/noticias\/wp-content\/uploads\/2025\/04\/IMG-20250401-WA0022.jpg\"><img loading=\"lazy\" decoding=\"async\" class=\"wp-image-146169 aligncenter\" src=\"https:\/\/vinasfm.com\/noticias\/wp-content\/uploads\/2025\/04\/IMG-20250401-WA0022-1024x576.jpg\" alt=\"\" width=\"600\" height=\"338\" srcset=\"https:\/\/vinasfm.com\/noticias\/wp-content\/uploads\/2025\/04\/IMG-20250401-WA0022-1024x576.jpg 1024w, https:\/\/vinasfm.com\/noticias\/wp-content\/uploads\/2025\/04\/IMG-20250401-WA0022-300x169.jpg 300w, https:\/\/vinasfm.com\/noticias\/wp-content\/uploads\/2025\/04\/IMG-20250401-WA0022-768x432.jpg 768w, https:\/\/vinasfm.com\/noticias\/wp-content\/uploads\/2025\/04\/IMG-20250401-WA0022-1536x864.jpg 1536w, https:\/\/vinasfm.com\/noticias\/wp-content\/uploads\/2025\/04\/IMG-20250401-WA0022-1140x641.jpg 1140w, https:\/\/vinasfm.com\/noticias\/wp-content\/uploads\/2025\/04\/IMG-20250401-WA0022.jpg 1600w\" sizes=\"auto, (max-width: 600px) 100vw, 600px\" \/><\/a><\/p>\n<p><span style=\"color: #000000;\">Por su parte, el <em>profesor<\/em><span style=\"color: #003366;\"><strong> Cristi\u00e1n Sosa<\/strong><\/span> resalt\u00f3 la importancia del r\u00edo Atuel no solo como fuente de agua, sino tambi\u00e9n como elemento esencial para la producci\u00f3n frutihort\u00edcola local. <em><strong>\u00abEl r\u00edo Atuel es vital para nuestra econom\u00eda, y debemos cuidarlo tanto en t\u00e9rminos de cantidad como de calidad del agua\u00bb<\/strong><\/em>, afirm\u00f3.<\/span><\/p>\n<p><span style=\"color: #000000;\">Los estudiantes tambi\u00e9n aprovecharon la jornada para <strong>reflexionar sobre la necesidad de tomar conciencia sobre el impacto de los residuos en el ambiente<\/strong> y c\u00f3mo este afecta la calidad del agua que, adem\u00e1s de ser indispensable para el consumo, es esencial para la producci\u00f3n agr\u00edcola de la regi\u00f3n.<\/span><\/p>\n<p><a href=\"https:\/\/vinasfm.com\/noticias\/wp-content\/uploads\/2025\/04\/IMG-20250401-WA0028.jpg\"><img loading=\"lazy\" decoding=\"async\" class=\"alignnone wp-image-146166\" src=\"https:\/\/vinasfm.com\/noticias\/wp-content\/uploads\/2025\/04\/IMG-20250401-WA0028-1024x576.jpg\" alt=\"\" width=\"360\" height=\"203\" data-wp-editing=\"1\" srcset=\"https:\/\/vinasfm.com\/noticias\/wp-content\/uploads\/2025\/04\/IMG-20250401-WA0028-1024x576.jpg 1024w, https:\/\/vinasfm.com\/noticias\/wp-content\/uploads\/2025\/04\/IMG-20250401-WA0028-300x169.jpg 300w, https:\/\/vinasfm.com\/noticias\/wp-content\/uploads\/2025\/04\/IMG-20250401-WA0028-768x432.jpg 768w, https:\/\/vinasfm.com\/noticias\/wp-content\/uploads\/2025\/04\/IMG-20250401-WA0028-1536x864.jpg 1536w, https:\/\/vinasfm.com\/noticias\/wp-content\/uploads\/2025\/04\/IMG-20250401-WA0028-750x420.jpg 750w, https:\/\/vinasfm.com\/noticias\/wp-content\/uploads\/2025\/04\/IMG-20250401-WA0028-1140x641.jpg 1140w, https:\/\/vinasfm.com\/noticias\/wp-content\/uploads\/2025\/04\/IMG-20250401-WA0028.jpg 1600w\" sizes=\"auto, (max-width: 360px) 100vw, 360px\" \/><\/a> <a href=\"https:\/\/vinasfm.com\/noticias\/wp-content\/uploads\/2025\/04\/IMG-20250401-WA0027.jpg\"><img loading=\"lazy\" decoding=\"async\" class=\"alignnone wp-image-146167\" src=\"https:\/\/vinasfm.com\/noticias\/wp-content\/uploads\/2025\/04\/IMG-20250401-WA0027-1024x576.jpg\" alt=\"\" width=\"360\" height=\"203\" srcset=\"https:\/\/vinasfm.com\/noticias\/wp-content\/uploads\/2025\/04\/IMG-20250401-WA0027-1024x576.jpg 1024w, https:\/\/vinasfm.com\/noticias\/wp-content\/uploads\/2025\/04\/IMG-20250401-WA0027-300x169.jpg 300w, https:\/\/vinasfm.com\/noticias\/wp-content\/uploads\/2025\/04\/IMG-20250401-WA0027-768x432.jpg 768w, https:\/\/vinasfm.com\/noticias\/wp-content\/uploads\/2025\/04\/IMG-20250401-WA0027-1536x864.jpg 1536w, https:\/\/vinasfm.com\/noticias\/wp-content\/uploads\/2025\/04\/IMG-20250401-WA0027-750x420.jpg 750w, https:\/\/vinasfm.com\/noticias\/wp-content\/uploads\/2025\/04\/IMG-20250401-WA0027-1140x641.jpg 1140w, https:\/\/vinasfm.com\/noticias\/wp-content\/uploads\/2025\/04\/IMG-20250401-WA0027.jpg 1600w\" sizes=\"auto, (max-width: 360px) 100vw, 360px\" \/><\/a><\/p>\n<h6>Alumnos del Colegio Aan Mart\u00edn protagonizan limpieza del R\u00edo Atuel.<\/h6>\n<p><span style=\"color: #000000;\">Este tipo de acciones son fundamentales para que las <strong>futuras generaciones comprendan la importancia de cuidar nuestros recursos naturales<\/strong> y se comprometan con la preservaci\u00f3n del medio ambiente para un futuro m\u00e1s sostenible.<\/span><\/p>\n","protected":false},"excerpt":{"rendered":"<p>En el marco del d\u00eda \u00abMundial del Agua\u00bb, la Asesor\u00eda de Gesti\u00f3n Ambiental ha planificado diferentes actividades junto a establecimientos educativos. &#8230;<\/p>\n","protected":false},"author":7,"featured_media":146168,"comment_status":"open","ping_status":"open","sticky":false,"template":"","format":"standard","meta":{"footnotes":""},"categories":[18,192],"tags":[],"class_list":["post-146171","post","type-post","status-publish","format-standard","has-post-thumbnail","hentry","category-educacion","category-gestion-ambiental"],"_links":{"self":[{"href":"https:\/\/vinasfm.com\/noticias\/wp-json\/wp\/v2\/posts\/146171","targetHints":{"allow":["GET"]}}],"collection":[{"href":"https:\/\/vinasfm.com\/noticias\/wp-json\/wp\/v2\/posts"}],"about":[{"href":"https:\/\/vinasfm.com\/noticias\/wp-json\/wp\/v2\/types\/post"}],"author":[{"embeddable":true,"href":"https:\/\/vinasfm.com\/noticias\/wp-json\/wp\/v2\/users\/7"}],"replies":[{"embeddable":true,"href":"https:\/\/vinasfm.com\/noticias\/wp-json\/wp\/v2\/comments?post=146171"}],"version-history":[{"count":3,"href":"https:\/\/vinasfm.com\/noticias\/wp-json\/wp\/v2\/posts\/146171\/revisions"}],"predecessor-version":[{"id":146196,"href":"https:\/\/vinasfm.com\/noticias\/wp-json\/wp\/v2\/posts\/146171\/revisions\/146196"}],"wp:featuredmedia":[{"embeddable":true,"href":"https:\/\/vinasfm.com\/noticias\/wp-json\/wp\/v2\/media\/146168"}],"wp:attachment":[{"href":"https:\/\/vinasfm.com\/noticias\/wp-json\/wp\/v2\/media?parent=146171"}],"wp:term":[{"taxonomy":"category","embeddable":true,"href":"https:\/\/vinasfm.com\/noticias\/wp-json\/wp\/v2\/categories?post=146171"},{"taxonomy":"post_tag","embeddable":true,"href":"https:\/\/vinasfm.com\/noticias\/wp-json\/wp\/v2\/tags?post=146171"}],"curies":[{"name":"wp","href":"https:\/\/api.w.org\/{rel}","templated":true}]}}