{"id":146154,"date":"2025-04-01T10:05:26","date_gmt":"2025-04-01T13:05:26","guid":{"rendered":"https:\/\/vinasfm.com\/noticias\/?p=146154"},"modified":"2025-04-02T09:09:54","modified_gmt":"2025-04-02T12:09:54","slug":"vilidad-habilito-la-rp-190-entre-punta-del-agua-y-agua-escondida","status":"publish","type":"post","link":"https:\/\/vinasfm.com\/noticias\/vilidad-habilito-la-rp-190-entre-punta-del-agua-y-agua-escondida\/","title":{"rendered":"VIALIDAD HABILIT\u00d3 LA RP 190 ENTRE PUNTA DEL AGUA Y AGUA ESCONDIDA"},"content":{"rendered":"<h4><span style=\"color: #000000;\">Se encontraba instransitable debido a las crecientes de cauces aluvionales.<\/span><\/h4>\n<p><span style=\"color: #000000;\">La <strong>Direcci\u00f3n Provincial de Vialidad<\/strong> inform\u00f3 que, tras trabajos realizados, <strong>fue habilitado el tramo del Ca\u00f1\u00f3n del Atuel entre el Nihuil y la Central Hidroel\u00e9ctrica 1, as\u00ed como tambi\u00e9n fue habilitada la Ruta Provincial 190 entre Punta del Agua (San Rafael) y Agua escondida (Malarg\u00fce).<\/strong><\/span><\/p>\n<p><span style=\"color: #000000;\">Seg\u00fan el informe publicado el pasado s\u00e1bado 29 de marzo, <strong>algunas zonas estaban completamente intransitables debido a deslizamientos de tierra y\/o acumulaci\u00f3n de agua. En algunas v\u00edas, resultaba imposible transitar.<\/strong><\/span><\/p>\n<p><span style=\"color: #000000;\">Ante estas situaciones, el organismo provincial indic\u00f3 que, debido a estos fen\u00f3menos clim\u00e1ticos adversos, es posible que se dispongan restricciones moment\u00e1neas en ciertos sectores de monta\u00f1a y rutas para garantizar la seguridad de los conductores.<\/span><\/p>\n","protected":false},"excerpt":{"rendered":"<p>Se encontraba instransitable debido a las crecientes de cauces aluvionales. La Direcci\u00f3n Provincial de Vialidad inform\u00f3 que, tras trabajos realizados, fue &#8230;<\/p>\n","protected":false},"author":7,"featured_media":146155,"comment_status":"open","ping_status":"open","sticky":false,"template":"","format":"standard","meta":{"footnotes":""},"categories":[5,79],"tags":[],"class_list":["post-146154","post","type-post","status-publish","format-standard","has-post-thumbnail","hentry","category-actualidad","category-vialidad"],"_links":{"self":[{"href":"https:\/\/vinasfm.com\/noticias\/wp-json\/wp\/v2\/posts\/146154","targetHints":{"allow":["GET"]}}],"collection":[{"href":"https:\/\/vinasfm.com\/noticias\/wp-json\/wp\/v2\/posts"}],"about":[{"href":"https:\/\/vinasfm.com\/noticias\/wp-json\/wp\/v2\/types\/post"}],"author":[{"embeddable":true,"href":"https:\/\/vinasfm.com\/noticias\/wp-json\/wp\/v2\/users\/7"}],"replies":[{"embeddable":true,"href":"https:\/\/vinasfm.com\/noticias\/wp-json\/wp\/v2\/comments?post=146154"}],"version-history":[{"count":4,"href":"https:\/\/vinasfm.com\/noticias\/wp-json\/wp\/v2\/posts\/146154\/revisions"}],"predecessor-version":[{"id":146163,"href":"https:\/\/vinasfm.com\/noticias\/wp-json\/wp\/v2\/posts\/146154\/revisions\/146163"}],"wp:featuredmedia":[{"embeddable":true,"href":"https:\/\/vinasfm.com\/noticias\/wp-json\/wp\/v2\/media\/146155"}],"wp:attachment":[{"href":"https:\/\/vinasfm.com\/noticias\/wp-json\/wp\/v2\/media?parent=146154"}],"wp:term":[{"taxonomy":"category","embeddable":true,"href":"https:\/\/vinasfm.com\/noticias\/wp-json\/wp\/v2\/categories?post=146154"},{"taxonomy":"post_tag","embeddable":true,"href":"https:\/\/vinasfm.com\/noticias\/wp-json\/wp\/v2\/tags?post=146154"}],"curies":[{"name":"wp","href":"https:\/\/api.w.org\/{rel}","templated":true}]}}