{"id":146115,"date":"2025-03-30T10:32:31","date_gmt":"2025-03-30T13:32:31","guid":{"rendered":"https:\/\/vinasfm.com\/noticias\/?p=146115"},"modified":"2025-04-01T08:39:21","modified_gmt":"2025-04-01T11:39:21","slug":"preocupacion-en-el-sur-mendocino-por-la-demora-en-la-finalizacion-del-gasoducto","status":"publish","type":"post","link":"https:\/\/vinasfm.com\/noticias\/preocupacion-en-el-sur-mendocino-por-la-demora-en-la-finalizacion-del-gasoducto\/","title":{"rendered":"PREOCUPACI\u00d3N EN EL SUR MENDOCINO POR LA DEMORA EN LA FINALIZACI\u00d3N DEL GASODUCTO"},"content":{"rendered":"<h4><span style=\"color: #000000;\">La obra, que se encuentra en un 90% de avance, est\u00e1 paralizada debido a la falta de fondos y a la incertidumbre sobre qui\u00e9n se har\u00e1 cargo de su ejecuci\u00f3n.<\/span><\/h4>\n<p><span style=\"color: #000000;\">En di\u00e1logo con <span style=\"color: #993366;\"><strong>FM VI\u00d1AS<\/strong><\/span>, el periodista sanrafaelino <span style=\"color: #003366;\"><strong>Padro Gerardi<\/strong><\/span>, expres\u00f3 su preocupaci\u00f3n por la demora en la finalizaci\u00f3n del gasoducto que<strong> beneficiar\u00eda a 30.000 usuarios domiciliarios e industrias en San Rafael y General Alvear.\u00a0<\/strong><\/span><\/p>\n<p><span style=\"color: #000000;\">La finalizaci\u00f3n del gasoducto es crucial para el desarrollo industrial, domiciliario y social de la regi\u00f3n, ya que<strong> permitir\u00eda la radicaci\u00f3n de nuevas industrias, mejorar\u00eda el suministro de gas en zonas con problemas de abastecimiento y beneficiar\u00eda a localidades que nunca han tenido acceso a este servicio.<\/strong><\/span><\/p>\n<p><span style=\"color: #000000;\"><em><strong>\u00abEs una obra realmente importante que puede beneficiar a 30.000 usuarios domiciliarios y ayudar much\u00edsimo a la radicaci\u00f3n de industrias, tanto en San Rafael como en Alvear\u00bb<\/strong><\/em>, afirm\u00f3 Gerardi. El periodista tambi\u00e9n se\u00f1al\u00f3 que la obra fue licitada por la Municipalidad de San Rafael y que el cambio de gobierno a nivel nacional gener\u00f3 cambios en la gesti\u00f3n de la obra p\u00fablica.<\/span><\/p>\n<p><span style=\"color: #000000;\">Seg\u00fan se logr\u00f3 conocer, <strong>el monto pendiente asciende a aproximadamente 5.190 millones de pesos<\/strong>, casi el doble del presupuesto inicial. Es importante recordar que el<strong> presupuesto incial alcanzaba los 2.700 millones de pesos<\/strong> previstos para ejecutarlos entre 2021 y 2023.\u00a0<\/span><\/p>\n<p><span style=\"color: #000000;\">En este contexto, el municipio de San Rafael opt\u00f3 por judicializar el conflicto con el objetivo de garantizar su continuidad. <strong><em>\u201cAtento la decisi\u00f3n del gobierno de paralizaciones de obra, en su momento, bueno, esto tambi\u00e9n impact\u00f3 en esta obra que es tan importante para nosotros, y el municipio tom\u00f3 la decisi\u00f3n por varios motivos de judicializarlo\u201d<\/em><\/strong>, explic\u00f3 el director de Legales del municipio, el doctor Alfredo Juri Sticca.<\/span><\/p>\n<p>A su fin, Gerardi resalt\u00f3 la importancia de que tanto <strong>legisladores como el gobernador se involucren en la gesti\u00f3n de la obra y su finalizaci\u00f3n.<\/strong><\/p>\n","protected":false},"excerpt":{"rendered":"<p>La obra, que se encuentra en un 90% de avance, est\u00e1 paralizada debido a la falta de fondos y a la &#8230;<\/p>\n","protected":false},"author":7,"featured_media":146117,"comment_status":"open","ping_status":"open","sticky":false,"template":"","format":"standard","meta":{"footnotes":""},"categories":[5,10],"tags":[],"class_list":["post-146115","post","type-post","status-publish","format-standard","has-post-thumbnail","hentry","category-actualidad","category-destacadas"],"_links":{"self":[{"href":"https:\/\/vinasfm.com\/noticias\/wp-json\/wp\/v2\/posts\/146115","targetHints":{"allow":["GET"]}}],"collection":[{"href":"https:\/\/vinasfm.com\/noticias\/wp-json\/wp\/v2\/posts"}],"about":[{"href":"https:\/\/vinasfm.com\/noticias\/wp-json\/wp\/v2\/types\/post"}],"author":[{"embeddable":true,"href":"https:\/\/vinasfm.com\/noticias\/wp-json\/wp\/v2\/users\/7"}],"replies":[{"embeddable":true,"href":"https:\/\/vinasfm.com\/noticias\/wp-json\/wp\/v2\/comments?post=146115"}],"version-history":[{"count":1,"href":"https:\/\/vinasfm.com\/noticias\/wp-json\/wp\/v2\/posts\/146115\/revisions"}],"predecessor-version":[{"id":146118,"href":"https:\/\/vinasfm.com\/noticias\/wp-json\/wp\/v2\/posts\/146115\/revisions\/146118"}],"wp:featuredmedia":[{"embeddable":true,"href":"https:\/\/vinasfm.com\/noticias\/wp-json\/wp\/v2\/media\/146117"}],"wp:attachment":[{"href":"https:\/\/vinasfm.com\/noticias\/wp-json\/wp\/v2\/media?parent=146115"}],"wp:term":[{"taxonomy":"category","embeddable":true,"href":"https:\/\/vinasfm.com\/noticias\/wp-json\/wp\/v2\/categories?post=146115"},{"taxonomy":"post_tag","embeddable":true,"href":"https:\/\/vinasfm.com\/noticias\/wp-json\/wp\/v2\/tags?post=146115"}],"curies":[{"name":"wp","href":"https:\/\/api.w.org\/{rel}","templated":true}]}}