{"id":146078,"date":"2025-03-30T12:15:54","date_gmt":"2025-03-30T15:15:54","guid":{"rendered":"https:\/\/vinasfm.com\/noticias\/?p=146078"},"modified":"2025-03-31T09:41:59","modified_gmt":"2025-03-31T12:41:59","slug":"una-camioneta-y-auto-colisionaron-en-la-interseccion-de-calle-7-y-ruta-188","status":"publish","type":"post","link":"https:\/\/vinasfm.com\/noticias\/una-camioneta-y-auto-colisionaron-en-la-interseccion-de-calle-7-y-ruta-188\/","title":{"rendered":"UNA CAMIONETA Y AUTO COLISIONARON EN LA INTERSECCI\u00d3N DE CALLE 7 Y RUTA 188"},"content":{"rendered":"<h4>\u00a0El hecho ocurri\u00f3 en la ma\u00f1ana de este domingo, el mismo fue protagonizado por un auto Renault 12 y una camioneta Ford Ranger.<\/h4>\n<p>Seg\u00fan testigos, el rodado menor circulaba por RN188 y cruz\u00f3 el sem\u00e1foro en rojo. En tanto la camioneta circulaba por Calle 7, con direcci\u00f3n norte-sur, por lo que termin\u00f3 colisionando con el autom\u00f3vil.<\/p>\n<p><a href=\"https:\/\/vinasfm.com\/noticias\/wp-content\/uploads\/2025\/03\/IMG-20250330-WA0011.jpg\"><img loading=\"lazy\" decoding=\"async\" class=\"alignnone size-medium wp-image-146076\" src=\"https:\/\/vinasfm.com\/noticias\/wp-content\/uploads\/2025\/03\/IMG-20250330-WA0011-300x202.jpg\" alt=\"\" width=\"300\" height=\"202\" srcset=\"https:\/\/vinasfm.com\/noticias\/wp-content\/uploads\/2025\/03\/IMG-20250330-WA0011-300x202.jpg 300w, https:\/\/vinasfm.com\/noticias\/wp-content\/uploads\/2025\/03\/IMG-20250330-WA0011-1024x688.jpg 1024w, https:\/\/vinasfm.com\/noticias\/wp-content\/uploads\/2025\/03\/IMG-20250330-WA0011-768x516.jpg 768w, https:\/\/vinasfm.com\/noticias\/wp-content\/uploads\/2025\/03\/IMG-20250330-WA0011.jpg 1080w\" sizes=\"auto, (max-width: 300px) 100vw, 300px\" \/><\/a><\/p>\n<p>Cuatro de los pasajeros del Renault 12, dos menores y dos adultos, fueron trasladados al Hospital Enfermeros Argentinos con diferentes lesiones.<\/p>\n<p>El rodado mayor era conducido por una mujer mayores de edad, acompa\u00f1ada por un menor. Recibieron atenci\u00f3n m\u00e9dica en el lugar y, posteriormente, fueron trasladados al nosocomio local.<\/p>\n","protected":false},"excerpt":{"rendered":"<p>\u00a0El hecho ocurri\u00f3 en la ma\u00f1ana de este domingo, el mismo fue protagonizado por un auto Renault 12 y una camioneta &#8230;<\/p>\n","protected":false},"author":7,"featured_media":146077,"comment_status":"open","ping_status":"open","sticky":false,"template":"","format":"standard","meta":{"footnotes":""},"categories":[4,184],"tags":[],"class_list":["post-146078","post","type-post","status-publish","format-standard","has-post-thumbnail","hentry","category-policiales","category-siniestro-vial"],"_links":{"self":[{"href":"https:\/\/vinasfm.com\/noticias\/wp-json\/wp\/v2\/posts\/146078","targetHints":{"allow":["GET"]}}],"collection":[{"href":"https:\/\/vinasfm.com\/noticias\/wp-json\/wp\/v2\/posts"}],"about":[{"href":"https:\/\/vinasfm.com\/noticias\/wp-json\/wp\/v2\/types\/post"}],"author":[{"embeddable":true,"href":"https:\/\/vinasfm.com\/noticias\/wp-json\/wp\/v2\/users\/7"}],"replies":[{"embeddable":true,"href":"https:\/\/vinasfm.com\/noticias\/wp-json\/wp\/v2\/comments?post=146078"}],"version-history":[{"count":1,"href":"https:\/\/vinasfm.com\/noticias\/wp-json\/wp\/v2\/posts\/146078\/revisions"}],"predecessor-version":[{"id":146079,"href":"https:\/\/vinasfm.com\/noticias\/wp-json\/wp\/v2\/posts\/146078\/revisions\/146079"}],"wp:featuredmedia":[{"embeddable":true,"href":"https:\/\/vinasfm.com\/noticias\/wp-json\/wp\/v2\/media\/146077"}],"wp:attachment":[{"href":"https:\/\/vinasfm.com\/noticias\/wp-json\/wp\/v2\/media?parent=146078"}],"wp:term":[{"taxonomy":"category","embeddable":true,"href":"https:\/\/vinasfm.com\/noticias\/wp-json\/wp\/v2\/categories?post=146078"},{"taxonomy":"post_tag","embeddable":true,"href":"https:\/\/vinasfm.com\/noticias\/wp-json\/wp\/v2\/tags?post=146078"}],"curies":[{"name":"wp","href":"https:\/\/api.w.org\/{rel}","templated":true}]}}