{"id":146074,"date":"2025-03-29T12:39:42","date_gmt":"2025-03-29T15:39:42","guid":{"rendered":"https:\/\/vinasfm.com\/noticias\/?p=146074"},"modified":"2025-03-31T09:42:23","modified_gmt":"2025-03-31T12:42:23","slug":"medicos-acordaron-aumentar-el-valor-sugerido-de-la-consulta-con-un-techo-de-30-000","status":"publish","type":"post","link":"https:\/\/vinasfm.com\/noticias\/medicos-acordaron-aumentar-el-valor-sugerido-de-la-consulta-con-un-techo-de-30-000\/","title":{"rendered":"M\u00c9DICOS ACORDARON AUMENTAR EL VALOR SUGERIDO DE LA CONSULTA CON UN TECHO DE $30.000"},"content":{"rendered":"<article class=\"article-body first\">\n<div class=\"article-content\">\n<div class=\"cuerpo\" data-twitter-link=\"\">\n<h4>Los\u00a0<strong><a href=\"https:\/\/www.diariouno.com.ar\/tags\/medicos\" target=\"_blank\" rel=\"follow noopener\">m\u00e9dicos<\/a><\/strong>\u00a0de la Federaci\u00f3n M\u00e9dica y el C\u00edrculo M\u00e9dico aumentaron el valor sugerido de las consultas m\u00e9dicas a partir del martes 1 de abril. Seg\u00fan los nuevos precios, para aquellos que tengan\u00a0<strong>obra social<\/strong>\u00a0sindical o provincial, el costo ser\u00e1 de $26 mil (un aumento de $1.300 respecto a febrero) y de $30 mil para quienes cuenten con prepaga.<\/h4>\n<\/div>\n<\/div>\n<\/article>\n<article class=\"article-body\">\n<div class=\"article-content\">\n<div class=\"cuerpo\" data-twitter-link=\"\">\n<p>Los que no poseen obra social o se atiendan de manera particular deber\u00e1n pagar\u00a0<a href=\"https:\/\/www.diariouno.com.ar\/sociedad\/psiquiatras-acordaron-cobrar-67000-la-consulta-pacientes-obra-social-n1399091\" target=\"_blank\" rel=\"follow noopener\">$57 mil ($5.500 de incremento)<\/a>. Estos n\u00fameros son sugeridos para los profesionales de estas agrupaciones.<\/p>\n<p>El titular del C\u00edrculo M\u00e9dico, Jos\u00e9 Ludovico Palma, aclar\u00f3 que la mayor\u00eda de las\u00a0<strong>prepagas<\/strong>\u00a0y\u00a0<strong>obras sociales<\/strong>\u00a0absorben casi la totalidad del costo de la\u00a0<strong>consulta m\u00e9dica<\/strong>, de modo que el paciente solo debe pagar la diferencia.<\/p>\n<h2>En febrero las consultas m\u00e9dicas arrancaban en $24.700<\/h2>\n<p>Los m\u00e9dicos hab\u00edan fijado a partir del 1 de febrero la consulta m\u00e9dica en $24.700 ($700 m\u00e1s que en enero) para los pacientes con obra social o prepaga y en $51.500 para los pacientes sin cobertura.<\/p>\n<p>En ese momento, desde la organizaci\u00f3n hab\u00edan asegurado que los incrementos se deb\u00edan a que \u00abson esenciales para dignificar la tarea profesional y sostener un sistema de salud accesible y de calidad\u201d.<\/p>\n<p>Adem\u00e1s, que respond\u00eda al \u00abdesfasaje cr\u00edtico en los honorarios\u00a0<strong>m\u00e9dicos<\/strong>, que afecta tanto a los profesionales como a la calidad de la atenci\u00f3n\u201d.<\/p>\n<\/div>\n<\/div>\n<\/article>\n","protected":false},"excerpt":{"rendered":"<p>Los\u00a0m\u00e9dicos\u00a0de la Federaci\u00f3n M\u00e9dica y el C\u00edrculo M\u00e9dico aumentaron el valor sugerido de las consultas m\u00e9dicas a partir del martes 1 &#8230;<\/p>\n","protected":false},"author":7,"featured_media":143851,"comment_status":"open","ping_status":"open","sticky":false,"template":"","format":"standard","meta":{"footnotes":""},"categories":[169,15],"tags":[],"class_list":["post-146074","post","type-post","status-publish","format-standard","has-post-thumbnail","hentry","category-aumentos","category-salud"],"_links":{"self":[{"href":"https:\/\/vinasfm.com\/noticias\/wp-json\/wp\/v2\/posts\/146074","targetHints":{"allow":["GET"]}}],"collection":[{"href":"https:\/\/vinasfm.com\/noticias\/wp-json\/wp\/v2\/posts"}],"about":[{"href":"https:\/\/vinasfm.com\/noticias\/wp-json\/wp\/v2\/types\/post"}],"author":[{"embeddable":true,"href":"https:\/\/vinasfm.com\/noticias\/wp-json\/wp\/v2\/users\/7"}],"replies":[{"embeddable":true,"href":"https:\/\/vinasfm.com\/noticias\/wp-json\/wp\/v2\/comments?post=146074"}],"version-history":[{"count":1,"href":"https:\/\/vinasfm.com\/noticias\/wp-json\/wp\/v2\/posts\/146074\/revisions"}],"predecessor-version":[{"id":146075,"href":"https:\/\/vinasfm.com\/noticias\/wp-json\/wp\/v2\/posts\/146074\/revisions\/146075"}],"wp:featuredmedia":[{"embeddable":true,"href":"https:\/\/vinasfm.com\/noticias\/wp-json\/wp\/v2\/media\/143851"}],"wp:attachment":[{"href":"https:\/\/vinasfm.com\/noticias\/wp-json\/wp\/v2\/media?parent=146074"}],"wp:term":[{"taxonomy":"category","embeddable":true,"href":"https:\/\/vinasfm.com\/noticias\/wp-json\/wp\/v2\/categories?post=146074"},{"taxonomy":"post_tag","embeddable":true,"href":"https:\/\/vinasfm.com\/noticias\/wp-json\/wp\/v2\/tags?post=146074"}],"curies":[{"name":"wp","href":"https:\/\/api.w.org\/{rel}","templated":true}]}}