{"id":146066,"date":"2025-03-29T10:55:01","date_gmt":"2025-03-29T13:55:01","guid":{"rendered":"https:\/\/vinasfm.com\/noticias\/?p=146066"},"modified":"2025-03-31T08:31:25","modified_gmt":"2025-03-31T11:31:25","slug":"aprehendieron-a-un-hombre-por-circular-en-una-moto-sin-patente-y-con-actitud-sospechosa","status":"publish","type":"post","link":"https:\/\/vinasfm.com\/noticias\/aprehendieron-a-un-hombre-por-circular-en-una-moto-sin-patente-y-con-actitud-sospechosa\/","title":{"rendered":"APREHENDIERON A UN HOMBRE POR CIRCULAR EN UNA MOTO SIN PATENTE Y CON ACTITUD SOSPECHOSA"},"content":{"rendered":"<h4 data-sourcepos=\"5:1-5:236\">En la ma\u00f1ana del viernes, alrededor de las 11:30 horas, un hombre de 32 a\u00f1os fue aprehendido por la Unidad Motorizada de Acci\u00f3n R\u00e1pida (UMAR) en la intersecci\u00f3n de las calles Jos\u00e9 Ingeniero e Irigoyen.<\/h4>\n<p data-sourcepos=\"7:1-7:249\">La detenci\u00f3n se produjo luego de que vecinos de la zona<strong> alertaran a los efectivos policiales sobre la presencia de un individuo que circulaba en una motocicleta sin chapa patente y que, adem\u00e1s, observaba de manera sospechosa las viviendas del lugar.<\/strong><\/p>\n<p data-sourcepos=\"9:1-9:422\">Tras recibir la descripci\u00f3n del sujeto y del veh\u00edculo, <strong>los agentes de la UMAR realizaron un patrullaje por la zona y lograron localizarlo en la mencionada intersecci\u00f3n.<\/strong> Al proceder a su identificaci\u00f3n, el hombre, <strong>identificado como Maximiliano M. (32), no pudo presentar ning\u00fan tipo de documentaci\u00f3n, ni personal ni del rodado en el que se desplazaba, una motocicleta marca Brava de 125 cc., color gris y sin chapa patente.<\/strong><\/p>\n<p data-sourcepos=\"11:1-11:215\">Ante esta situaci\u00f3n, las autoridades procedieron a trasladar a Maximiliano M. a la sede judicial correspondiente, donde se determinar\u00e1 su situaci\u00f3n legal.<\/p>\n","protected":false},"excerpt":{"rendered":"<p>En la ma\u00f1ana del viernes, alrededor de las 11:30 horas, un hombre de 32 a\u00f1os fue aprehendido por la Unidad Motorizada &#8230;<\/p>\n","protected":false},"author":7,"featured_media":146067,"comment_status":"open","ping_status":"open","sticky":false,"template":"","format":"standard","meta":{"footnotes":""},"categories":[4,33],"tags":[],"class_list":["post-146066","post","type-post","status-publish","format-standard","has-post-thumbnail","hentry","category-policiales","category-seguridad"],"_links":{"self":[{"href":"https:\/\/vinasfm.com\/noticias\/wp-json\/wp\/v2\/posts\/146066","targetHints":{"allow":["GET"]}}],"collection":[{"href":"https:\/\/vinasfm.com\/noticias\/wp-json\/wp\/v2\/posts"}],"about":[{"href":"https:\/\/vinasfm.com\/noticias\/wp-json\/wp\/v2\/types\/post"}],"author":[{"embeddable":true,"href":"https:\/\/vinasfm.com\/noticias\/wp-json\/wp\/v2\/users\/7"}],"replies":[{"embeddable":true,"href":"https:\/\/vinasfm.com\/noticias\/wp-json\/wp\/v2\/comments?post=146066"}],"version-history":[{"count":1,"href":"https:\/\/vinasfm.com\/noticias\/wp-json\/wp\/v2\/posts\/146066\/revisions"}],"predecessor-version":[{"id":146068,"href":"https:\/\/vinasfm.com\/noticias\/wp-json\/wp\/v2\/posts\/146066\/revisions\/146068"}],"wp:featuredmedia":[{"embeddable":true,"href":"https:\/\/vinasfm.com\/noticias\/wp-json\/wp\/v2\/media\/146067"}],"wp:attachment":[{"href":"https:\/\/vinasfm.com\/noticias\/wp-json\/wp\/v2\/media?parent=146066"}],"wp:term":[{"taxonomy":"category","embeddable":true,"href":"https:\/\/vinasfm.com\/noticias\/wp-json\/wp\/v2\/categories?post=146066"},{"taxonomy":"post_tag","embeddable":true,"href":"https:\/\/vinasfm.com\/noticias\/wp-json\/wp\/v2\/tags?post=146066"}],"curies":[{"name":"wp","href":"https:\/\/api.w.org\/{rel}","templated":true}]}}