{"id":146063,"date":"2025-03-29T10:47:43","date_gmt":"2025-03-29T13:47:43","guid":{"rendered":"https:\/\/vinasfm.com\/noticias\/?p=146063"},"modified":"2025-03-31T08:31:55","modified_gmt":"2025-03-31T11:31:55","slug":"un-conductor-alcoholizado-protagonizo-un-choque-en-la-manana-de-este-sabado","status":"publish","type":"post","link":"https:\/\/vinasfm.com\/noticias\/un-conductor-alcoholizado-protagonizo-un-choque-en-la-manana-de-este-sabado\/","title":{"rendered":"UN CONDUCTOR ALCOHOLIZADO PROTAGONIZ\u00d3 UN CHOQUE EN LA MA\u00d1ANA DE ESTE S\u00c1BADO"},"content":{"rendered":"<h4 data-sourcepos=\"5:1-5:258\"><span style=\"color: #000000;\">En la ma\u00f1ana de este s\u00e1bado, un siniestro vial tuvo lugar en la intersecci\u00f3n de las calles Buenos Aires y 9 de Julio. El incidente ocurri\u00f3 alrededor de las 7:10 horas.<\/span><\/h4>\n<p data-sourcepos=\"7:1-7:408\"><span style=\"color: #000000;\">Los veh\u00edculos involucrados <strong>fueron un Renault Clio de color negro, conducido por Leonardo G. (41), y un Peugeot 206, al mando de Fabi\u00e1n M. (36).<\/strong> Seg\u00fan el reporte policial, el Renault Clio circulaba por calle Buenos Aires en direcci\u00f3n norte, mientras que el Peugeot 206 lo hac\u00eda por calle 9 de Julio hacia el oeste. <strong>Por razones que a\u00fan se investigan, ambos veh\u00edculos colisionaron en la mencionada intersecci\u00f3n.<\/strong><\/span><\/p>\n<p data-sourcepos=\"9:1-9:243\"><span style=\"color: #000000;\">A ra\u00edz del impacto, <strong>el conductor del Peugeot 206 sufri\u00f3 lesiones leves.<\/strong> Sin embargo, la situaci\u00f3n se agrav\u00f3 cuando se realiz\u00f3 el control de alcoholemia al conductor del <strong>Renault Clio, Leonardo G., quien arroj\u00f3 un resultado positivo de 0,89 G\/L.<\/strong><\/span><\/p>\n<p data-sourcepos=\"11:1-11:218\"><span style=\"color: #000000;\">Ante esta situaci\u00f3n, las autoridades procedieron a labrar las actuaciones correspondientes y a la retenci\u00f3n de ambos veh\u00edculos involucrados en el siniestro. El caso qued\u00f3 en manos de la Comisar\u00eda 14\u00b0 de General Alvear.<\/span><\/p>\n","protected":false},"excerpt":{"rendered":"<p>En la ma\u00f1ana de este s\u00e1bado, un siniestro vial tuvo lugar en la intersecci\u00f3n de las calles Buenos Aires y 9 &#8230;<\/p>\n","protected":false},"author":7,"featured_media":146064,"comment_status":"open","ping_status":"open","sticky":false,"template":"","format":"standard","meta":{"footnotes":""},"categories":[4,184],"tags":[],"class_list":["post-146063","post","type-post","status-publish","format-standard","has-post-thumbnail","hentry","category-policiales","category-siniestro-vial"],"_links":{"self":[{"href":"https:\/\/vinasfm.com\/noticias\/wp-json\/wp\/v2\/posts\/146063","targetHints":{"allow":["GET"]}}],"collection":[{"href":"https:\/\/vinasfm.com\/noticias\/wp-json\/wp\/v2\/posts"}],"about":[{"href":"https:\/\/vinasfm.com\/noticias\/wp-json\/wp\/v2\/types\/post"}],"author":[{"embeddable":true,"href":"https:\/\/vinasfm.com\/noticias\/wp-json\/wp\/v2\/users\/7"}],"replies":[{"embeddable":true,"href":"https:\/\/vinasfm.com\/noticias\/wp-json\/wp\/v2\/comments?post=146063"}],"version-history":[{"count":1,"href":"https:\/\/vinasfm.com\/noticias\/wp-json\/wp\/v2\/posts\/146063\/revisions"}],"predecessor-version":[{"id":146065,"href":"https:\/\/vinasfm.com\/noticias\/wp-json\/wp\/v2\/posts\/146063\/revisions\/146065"}],"wp:featuredmedia":[{"embeddable":true,"href":"https:\/\/vinasfm.com\/noticias\/wp-json\/wp\/v2\/media\/146064"}],"wp:attachment":[{"href":"https:\/\/vinasfm.com\/noticias\/wp-json\/wp\/v2\/media?parent=146063"}],"wp:term":[{"taxonomy":"category","embeddable":true,"href":"https:\/\/vinasfm.com\/noticias\/wp-json\/wp\/v2\/categories?post=146063"},{"taxonomy":"post_tag","embeddable":true,"href":"https:\/\/vinasfm.com\/noticias\/wp-json\/wp\/v2\/tags?post=146063"}],"curies":[{"name":"wp","href":"https:\/\/api.w.org\/{rel}","templated":true}]}}